{"id":49693,"date":"2026-01-20T15:47:42","date_gmt":"2026-01-20T18:47:42","guid":{"rendered":"http:\/\/jornaldeitaipava.com.br\/?p=49693"},"modified":"2026-01-20T15:47:45","modified_gmt":"2026-01-20T18:47:45","slug":"especialistas-alertam-para-a-importancia-da-prevencao-da-dengue-com-chegada-das-chuvas-2","status":"publish","type":"post","link":"https:\/\/jornaldeitaipava.com.br\/index.php\/2026\/01\/20\/especialistas-alertam-para-a-importancia-da-prevencao-da-dengue-com-chegada-das-chuvas-2\/","title":{"rendered":"Especialistas alertam para a import\u00e2ncia da preven\u00e7\u00e3o da dengue com chegada das chuvas"},"content":{"rendered":"\n<p class=\"has-text-align-center\"><strong>Durante o ver\u00e3o, \u00e9 preciso refor\u00e7ar cuidados simples que evitam o aumento dos casos da doen\u00e7a<\/strong><\/p>\n\n\n\n<p>Ao longo do ver\u00e3o com os per\u00edodos de chuvas, aumenta o alerta para o risco de prolifera\u00e7\u00e3o do mosquito Aedes aegypti, transmissor da dengue. Especialistas ressaltam que este \u00e9 o momento de refor\u00e7ar as a\u00e7\u00f5es de preven\u00e7\u00e3o e conscientiza\u00e7\u00e3o. Cuidados simples, como eliminar \u00e1gua acumulada em vasos de plantas, garrafas, calhas e recipientes jogados em quintais, s\u00e3o suficientes para impedir a forma\u00e7\u00e3o de criadouros e evitar novos casos da doen\u00e7a.<br>A m\u00e9dica infectologista e docente do IDOMED, Silvia Fonseca, refor\u00e7a que a aten\u00e7\u00e3o deve ser redobrada, especialmente com o aumento das temperaturas e das chuvas t\u00edpicas do ver\u00e3o. \u201cExistem quatro tipos do v\u00edrus da dengue, e todos podem causar doen\u00e7as que variam de leves at\u00e9 muito graves, que necessitam de interna\u00e7\u00e3o hospitalar. O tipo 2 costuma causar mais casos graves, mas qualquer um dos tipos pode levar a s\u00e9rias complica\u00e7\u00f5es. Os sintomas s\u00e3o os mesmos para qualquer um deles, dor de cabe\u00e7a, febre, dor nas articula\u00e7\u00f5es, v\u00f4mitos e diarreia\u201d, explica.<br>Silvia lembra que uma pessoa pode contrair a doen\u00e7a mais de uma vez ao longo da vida. \u201cQuando a infec\u00e7\u00e3o acontece por um tipo diferente do anterior, h\u00e1 maior risco de evolu\u00e7\u00e3o para formas graves. Por isso, \u00e9 essencial redobrar os cuidados e ficar atento aos sinais de alerta, como dor abdominal intensa, v\u00f4mitos persistentes, sangramentos e tontura, que indicam necessidade de atendimento m\u00e9dico imediato\u201d, acrescenta.<br>A infectologista tamb\u00e9m destaca a import\u00e2ncia da vacina\u00e7\u00e3o, que est\u00e1 dispon\u00edvel na rede p\u00fablica. A vacina contra a dengue \u00e9 indicada para crian\u00e7as e adolescentes de 10 a 14 anos, enquanto o imunizante contra o HPV ser\u00e1 aplicado em jovens de 15 a 19 anos. A Secretaria da Sa\u00fade alerta que, com a previs\u00e3o de aumento na<br>circula\u00e7\u00e3o do mosquito transmissor da dengue, a vacina\u00e7\u00e3o torna-se fundamental para prevenir casos graves da doen\u00e7a e evitar interna\u00e7\u00f5es.<br>A professora de Biomedicina da Est\u00e1cio, Camila Alvim, refor\u00e7a que a preven\u00e7\u00e3o deve come\u00e7ar dentro de casa. \u201cO Aedes aegypti se reproduz em \u00e1gua limpa e parada. Um simples pratinho de planta ou garrafa deixada ao ar livre pode se tornar um criadouro. A conscientiza\u00e7\u00e3o \u00e9 o primeiro passo, limpar o quintal, tampar caixas d\u2019\u00e1gua e eliminar recipientes que possam acumular \u00e1gua s\u00e3o atitudes que salvam vidas\u201d, enfatiza.<br>Camila acrescenta que o papel da educa\u00e7\u00e3o \u00e9 essencial no combate \u00e0 dengue. \u201cNas escolas, trabalhamos constantemente o tema com os alunos, porque as crian\u00e7as e jovens s\u00e3o grandes multiplicadores de informa\u00e7\u00e3o em casa. A preven\u00e7\u00e3o come\u00e7a pelo conhecimento\u201d, afirma.<br>De acordo com as especialistas, o combate \u00e0 dengue depende da participa\u00e7\u00e3o ativa da popula\u00e7\u00e3o durante todo o ano, mas ganha ainda mais import\u00e2ncia neste per\u00edodo de transi\u00e7\u00e3o para o ver\u00e3o. \u201cA preven\u00e7\u00e3o \u00e9 uma responsabilidade compartilhada, pequenas a\u00e7\u00f5es di\u00e1rias t\u00eam grande impacto na sa\u00fade coletiva\u201d, conclui Silvia Fonseca.<\/p>\n","protected":false},"excerpt":{"rendered":"<p>Durante o ver\u00e3o, \u00e9 preciso refor\u00e7ar cuidados simples que evitam o aumento dos casos da<\/p>\n","protected":false},"author":1,"featured_media":27124,"comment_status":"closed","ping_status":"open","sticky":false,"template":"","format":"standard","meta":{"spay_email":"","footnotes":"","jetpack_publicize_message":""},"categories":[2],"tags":[],"jetpack_featured_media_url":"https:\/\/i2.wp.com\/jornaldeitaipava.com.br\/wp-content\/uploads\/2022\/04\/dengue.jpg?fit=1199%2C674&ssl=1","jetpack_publicize_connections":[],"jetpack_sharing_enabled":true,"jetpack_likes_enabled":true,"jetpack-related-posts":[],"_links":{"self":[{"href":"https:\/\/jornaldeitaipava.com.br\/index.php\/wp-json\/wp\/v2\/posts\/49693"}],"collection":[{"href":"https:\/\/jornaldeitaipava.com.br\/index.php\/wp-json\/wp\/v2\/posts"}],"about":[{"href":"https:\/\/jornaldeitaipava.com.br\/index.php\/wp-json\/wp\/v2\/types\/post"}],"author":[{"embeddable":true,"href":"https:\/\/jornaldeitaipava.com.br\/index.php\/wp-json\/wp\/v2\/users\/1"}],"replies":[{"embeddable":true,"href":"https:\/\/jornaldeitaipava.com.br\/index.php\/wp-json\/wp\/v2\/comments?post=49693"}],"version-history":[{"count":1,"href":"https:\/\/jornaldeitaipava.com.br\/index.php\/wp-json\/wp\/v2\/posts\/49693\/revisions"}],"predecessor-version":[{"id":49694,"href":"https:\/\/jornaldeitaipava.com.br\/index.php\/wp-json\/wp\/v2\/posts\/49693\/revisions\/49694"}],"wp:featuredmedia":[{"embeddable":true,"href":"https:\/\/jornaldeitaipava.com.br\/index.php\/wp-json\/wp\/v2\/media\/27124"}],"wp:attachment":[{"href":"https:\/\/jornaldeitaipava.com.br\/index.php\/wp-json\/wp\/v2\/media?parent=49693"}],"wp:term":[{"taxonomy":"category","embeddable":true,"href":"https:\/\/jornaldeitaipava.com.br\/index.php\/wp-json\/wp\/v2\/categories?post=49693"},{"taxonomy":"post_tag","embeddable":true,"href":"https:\/\/jornaldeitaipava.com.br\/index.php\/wp-json\/wp\/v2\/tags?post=49693"}],"curies":[{"name":"wp","href":"https:\/\/api.w.org\/{rel}","templated":true}]}}