{"id":49750,"date":"2026-01-22T16:44:02","date_gmt":"2026-01-22T19:44:02","guid":{"rendered":"https:\/\/jornaldeitaipava.com.br\/?p=49750"},"modified":"2026-01-22T16:44:05","modified_gmt":"2026-01-22T19:44:05","slug":"cao-terapeuta-visita-upas-do-centro-e-cascatinha","status":"publish","type":"post","link":"https:\/\/jornaldeitaipava.com.br\/index.php\/2026\/01\/22\/cao-terapeuta-visita-upas-do-centro-e-cascatinha\/","title":{"rendered":"C\u00e3o terapeuta visita UPAs do Centro e Cascatinha"},"content":{"rendered":"\n<p>Pacientes internados nas unidades de Pronto Atendimento (UPAs) do Centro e de Cascatinha receberam nesta quinta-feira (22\/01) a visita da cadela Pipa, uma golden retriver que faz parte do projeto TEAcolhe UERJ e atua como coterapeuta para ajudar na recupera\u00e7\u00e3o dos pacientes internados. A iniciativa da Universidade do Estado do Rio de janeiro (UERJ) realiza servi\u00e7os assistidos por animais visando acolher, promover bem-estar e inclus\u00e3o.<\/p>\n\n\n\n<p>\u201cRecebemos o projeto TEAcolhe em Petr\u00f3polis com muito entusiasmo e j\u00e1 vimos que faz toda diferen\u00e7a no tratamento dos pacientes. Ao longo do ano, o projeto deve visitar outras unidades, sempre com muito carinho e cuidado com quem mais precisas\u201d, comentou o prefeito Hingo Hammes.<\/p>\n\n\n\n<p>Pipa visitou cada um dos leitos e levou um pouco de alegria para aqueles que est\u00e3o em tratamento. A Golden Retriver tamb\u00e9m animou o ambiente e acolheu os profissionais de sa\u00fade que estavam no plant\u00e3o. A iniciativa foi criada inicialmente para pessoas com Transtorno do Espectro Autista (TEA), mas foi ampliada para atender hospitais, escolas, lares de idosos e outras institui\u00e7\u00f5es. O projeto come\u00e7ou a ser desenvolvido em Petr\u00f3polis no fim de 2025 e j\u00e1 esteve na pediatria do Hospital Alcides Carneiro (HAC).<\/p>\n\n\n\n<p>\u201cA proposta \u00e9 que a Pipa visite todas as unidades, levando um pouco de carinho e afeto aos pacientes, muitas vezes com a sa\u00fade debilitada. Essa iniciativa de acolhimento pode fazer toda diferen\u00e7a no tratamento dos pacientes\u201d, explicou o secret\u00e1rio de Sa\u00fade, Dr. Aloisio Barbosa.<\/p>\n","protected":false},"excerpt":{"rendered":"<p>Pacientes internados nas unidades de Pronto Atendimento (UPAs) do Centro e de Cascatinha receberam nesta<\/p>\n","protected":false},"author":1,"featured_media":49752,"comment_status":"closed","ping_status":"open","sticky":false,"template":"","format":"standard","meta":{"spay_email":"","footnotes":"","jetpack_publicize_message":""},"categories":[2],"tags":[],"jetpack_featured_media_url":"https:\/\/i2.wp.com\/jornaldeitaipava.com.br\/wp-content\/uploads\/2026\/01\/WhatsApp-Image-2026-01-22-at-16.15.12-1-e1769111012980.jpeg?fit=900%2C917&ssl=1","jetpack_publicize_connections":[],"jetpack_sharing_enabled":true,"jetpack_likes_enabled":true,"jetpack-related-posts":[],"_links":{"self":[{"href":"https:\/\/jornaldeitaipava.com.br\/index.php\/wp-json\/wp\/v2\/posts\/49750"}],"collection":[{"href":"https:\/\/jornaldeitaipava.com.br\/index.php\/wp-json\/wp\/v2\/posts"}],"about":[{"href":"https:\/\/jornaldeitaipava.com.br\/index.php\/wp-json\/wp\/v2\/types\/post"}],"author":[{"embeddable":true,"href":"https:\/\/jornaldeitaipava.com.br\/index.php\/wp-json\/wp\/v2\/users\/1"}],"replies":[{"embeddable":true,"href":"https:\/\/jornaldeitaipava.com.br\/index.php\/wp-json\/wp\/v2\/comments?post=49750"}],"version-history":[{"count":1,"href":"https:\/\/jornaldeitaipava.com.br\/index.php\/wp-json\/wp\/v2\/posts\/49750\/revisions"}],"predecessor-version":[{"id":49753,"href":"https:\/\/jornaldeitaipava.com.br\/index.php\/wp-json\/wp\/v2\/posts\/49750\/revisions\/49753"}],"wp:featuredmedia":[{"embeddable":true,"href":"https:\/\/jornaldeitaipava.com.br\/index.php\/wp-json\/wp\/v2\/media\/49752"}],"wp:attachment":[{"href":"https:\/\/jornaldeitaipava.com.br\/index.php\/wp-json\/wp\/v2\/media?parent=49750"}],"wp:term":[{"taxonomy":"category","embeddable":true,"href":"https:\/\/jornaldeitaipava.com.br\/index.php\/wp-json\/wp\/v2\/categories?post=49750"},{"taxonomy":"post_tag","embeddable":true,"href":"https:\/\/jornaldeitaipava.com.br\/index.php\/wp-json\/wp\/v2\/tags?post=49750"}],"curies":[{"name":"wp","href":"https:\/\/api.w.org\/{rel}","templated":true}]}}