{"id":49754,"date":"2026-01-22T16:47:40","date_gmt":"2026-01-22T19:47:40","guid":{"rendered":"https:\/\/jornaldeitaipava.com.br\/?p=49754"},"modified":"2026-01-22T16:47:45","modified_gmt":"2026-01-22T19:47:45","slug":"abrace-a-bauern-prefeitura-reune-entidades-e-inicia-planejamento-para-maior-evento-da-cidade","status":"publish","type":"post","link":"https:\/\/jornaldeitaipava.com.br\/index.php\/2026\/01\/22\/abrace-a-bauern-prefeitura-reune-entidades-e-inicia-planejamento-para-maior-evento-da-cidade\/","title":{"rendered":"&#8220;Abrace a Bauern&#8221;: Prefeitura re\u00fane entidades e inicia planejamento para maior evento da cidade"},"content":{"rendered":"\n<p class=\"has-text-align-center\"><strong>Campanha fortalece o pertencimento durante o per\u00edodo da festa<\/strong><\/p>\n\n\n\n<p>A Prefeitura reuniu entidades ligadas a diversos setores econ\u00f4micos de Petr\u00f3polis para antecipar o planejamento do maior evento da cidade, a Bauernfest. O encontro tratou do &#8220;Abrace a Bauern&#8221;, concurso que premia as melhores decora\u00e7\u00f5es de lojas e bares, restaurantes e hot\u00e9is com a tem\u00e1tica alem\u00e3. O objetivo foi discutir medidas que podem ser adotadas para estimular mais estabelecimentos a participarem da iniciativa e, dessa forma, ampliar o clima da festa em toda cidade.<\/p>\n\n\n\n<p>&#8220;A Bauernfest \u00e9 o principal evento do nosso calend\u00e1rio e queremos que fique ainda melhor em 2026. Por isso, come\u00e7amos a pensar em todos os pontos j\u00e1 no in\u00edcio do ano, buscando aprimorar o que fizemos a \u00faltima edi\u00e7\u00e3o e trazer novidades que tragam o clima da festa para toda cidade&#8221;, destacou o prefeito Hingo Hammes.<\/p>\n\n\n\n<p>A iniciativa de tratar sobre o concurso logo nas primeiras semanas do ano foi elogiada pelas entidades que participaram da reuni\u00e3o, entre elas, a Associa\u00e7\u00e3o Comercial e Empresarial e Petr\u00f3polis (Acep), Associa\u00e7\u00e3o da Rua 16 de Mar\u00e7o, Clube 29 de Junho, Associa\u00e7\u00e3o da Rua Teresa (Arte) e Associa\u00e7\u00e3o dos Microcervejeiros de Petr\u00f3polis (AMP). As entidades acreditam que iniciar as conversas com alguns meses de anteced\u00eancia para a Bauernfest podem contribuir para que mais estabelecimentos sejam mobilizados para participar do Abrace a Bauern.<\/p>\n\n\n\n<p>&#8220;Estamos dando o pontap\u00e9 para a Bauern. O concurso fez grande sucesso no ano passado e \u00e9 uma forma de fazer o petropolitano e o turista que vem para a cidade sentir o clima da Bauern&#8221;, disse o secret\u00e1rio de Turismo, Nei Carvalho, que ainda ressaltou a import\u00e2ncia do setor para Petr\u00f3polis. &#8220;O que a nossa cidade precisa \u00e9 ser promovida e divulgada e essa troca de ideias nos ajuda para isso&#8221;, comentou o secret\u00e1rio de Turismo.<\/p>\n\n\n\n<p>Entre as novidades estudadas est\u00e3o novas regras para expandir a decora\u00e7\u00e3o para o interior dos estabelecimentos, a cria\u00e7\u00e3o de uma comiss\u00e3o para avaliar a decora\u00e7\u00e3o dos participantes e o aumento da premia\u00e7\u00e3o. O concurso Abrace a Bauern \u00e9 promovido em parceria pela Prefeitura e institui\u00e7\u00f5es.<\/p>\n","protected":false},"excerpt":{"rendered":"<p>Campanha fortalece o pertencimento durante o per\u00edodo da festa A Prefeitura reuniu entidades ligadas a<\/p>\n","protected":false},"author":1,"featured_media":49755,"comment_status":"closed","ping_status":"open","sticky":false,"template":"","format":"standard","meta":{"spay_email":"","footnotes":"","jetpack_publicize_message":""},"categories":[42],"tags":[],"jetpack_featured_media_url":"https:\/\/i2.wp.com\/jornaldeitaipava.com.br\/wp-content\/uploads\/2026\/01\/WhatsApp-Image-2026-01-22-at-12.38.39.jpeg?fit=1280%2C576&ssl=1","jetpack_publicize_connections":[],"jetpack_sharing_enabled":true,"jetpack_likes_enabled":true,"jetpack-related-posts":[],"_links":{"self":[{"href":"https:\/\/jornaldeitaipava.com.br\/index.php\/wp-json\/wp\/v2\/posts\/49754"}],"collection":[{"href":"https:\/\/jornaldeitaipava.com.br\/index.php\/wp-json\/wp\/v2\/posts"}],"about":[{"href":"https:\/\/jornaldeitaipava.com.br\/index.php\/wp-json\/wp\/v2\/types\/post"}],"author":[{"embeddable":true,"href":"https:\/\/jornaldeitaipava.com.br\/index.php\/wp-json\/wp\/v2\/users\/1"}],"replies":[{"embeddable":true,"href":"https:\/\/jornaldeitaipava.com.br\/index.php\/wp-json\/wp\/v2\/comments?post=49754"}],"version-history":[{"count":1,"href":"https:\/\/jornaldeitaipava.com.br\/index.php\/wp-json\/wp\/v2\/posts\/49754\/revisions"}],"predecessor-version":[{"id":49756,"href":"https:\/\/jornaldeitaipava.com.br\/index.php\/wp-json\/wp\/v2\/posts\/49754\/revisions\/49756"}],"wp:featuredmedia":[{"embeddable":true,"href":"https:\/\/jornaldeitaipava.com.br\/index.php\/wp-json\/wp\/v2\/media\/49755"}],"wp:attachment":[{"href":"https:\/\/jornaldeitaipava.com.br\/index.php\/wp-json\/wp\/v2\/media?parent=49754"}],"wp:term":[{"taxonomy":"category","embeddable":true,"href":"https:\/\/jornaldeitaipava.com.br\/index.php\/wp-json\/wp\/v2\/categories?post=49754"},{"taxonomy":"post_tag","embeddable":true,"href":"https:\/\/jornaldeitaipava.com.br\/index.php\/wp-json\/wp\/v2\/tags?post=49754"}],"curies":[{"name":"wp","href":"https:\/\/api.w.org\/{rel}","templated":true}]}}