{"id":49757,"date":"2026-01-22T16:49:09","date_gmt":"2026-01-22T19:49:09","guid":{"rendered":"https:\/\/jornaldeitaipava.com.br\/?p=49757"},"modified":"2026-01-22T16:49:12","modified_gmt":"2026-01-22T19:49:12","slug":"dia-nacional-de-combate-e-prevencao-da-hanseniase-diagnostico-precoce-evita-sequelas-e-transmissoes","status":"publish","type":"post","link":"https:\/\/jornaldeitaipava.com.br\/index.php\/2026\/01\/22\/dia-nacional-de-combate-e-prevencao-da-hanseniase-diagnostico-precoce-evita-sequelas-e-transmissoes\/","title":{"rendered":"Dia Nacional de Combate e Preven\u00e7\u00e3o da Hansen\u00edase: diagn\u00f3stico precoce evita sequelas e transmiss\u00f5es"},"content":{"rendered":"\n<p class=\"has-text-align-center\"><strong>Infectologista do Hospital Santa Teresa explica sobre o processo de transmiss\u00e3o e enfatiza a import\u00e2ncia do tratamento<\/strong><\/p>\n\n\n\n<p>A hansen\u00edase \u00e9 uma doen\u00e7a infecciosa e contagiosa que afeta os nervos e a pele. De acordo com a Organiza\u00e7\u00e3o Mundial da Sa\u00fade (OMS), o Brasil \u00e9 um dos tr\u00eas pa\u00edses com maior concentra\u00e7\u00e3o de novos casos no mundo, ao lado da \u00cdndia e Indon\u00e9sia. Segundo a Dra. Rafaela Bongiovani, infectologista do Hospital Santa Teresa, a doen\u00e7a tem uma evolu\u00e7\u00e3o cr\u00f4nica, ou seja, a manifesta\u00e7\u00e3o dos sintomas pode levar meses ou anos para acontecer.<\/p>\n\n\n\n<p>Nesse cen\u00e1rio, a principal forma de transmiss\u00e3o \u00e9 por via respirat\u00f3ria com a inala\u00e7\u00e3o de got\u00edculas oriundas de pessoas infectadas que n\u00e3o se trataram. Geralmente, o indiv\u00edduo tosse e a bact\u00e9ria afeta quem est\u00e1 pr\u00f3ximo. \u201cA hansen\u00edase \u00e9 uma doen\u00e7a muito prevalente no Brasil e o perfil epidemiol\u00f3gico mostra que a maioria das pessoas afetadas s\u00e3o os moradores de \u00e1reas socioecon\u00f4micas mais vulner\u00e1veis\u201d, explica a especialista. Os sintomas mais comuns s\u00e3o:<\/p>\n\n\n\n<ul>\n<li>Manchas mais claras ou avermelhadas na pele onde o paciente percebe uma diminui\u00e7\u00e3o ou at\u00e9 mesmo perda da sensibilidade na regi\u00e3o;<\/li>\n\n\n\n<li>Dorm\u00eancia ou formigamento nas m\u00e3os ou p\u00e9s;<\/li>\n\n\n\n<li>Dor ou sensibilidade nos nervos, ferimentos ou queimaduras indolores nas m\u00e3os ou p\u00e9s.<\/li>\n<\/ul>\n\n\n\n<p>Apesar disso, a doen\u00e7a tem cura e o tratamento est\u00e1 100% dispon\u00edvel no SUS. Por isso, as pessoas devem procurar o hospital mais pr\u00f3ximo para evitar complica\u00e7\u00f5es. \u201cO in\u00edcio do tratamento precoce \u00e9 primordial para prevenir incapacidades f\u00edsicas que podem ocorrer quando o diagn\u00f3stico \u00e9 mais demorado. Al\u00e9m disso, \u00e9 muito importante que o paciente fa\u00e7a o tratamento at\u00e9 o final. Assim, ele estar\u00e1 completamente curado e sem riscos de transmiss\u00e3o para outros indiv\u00edduos\u201d, orienta a infectologista do Hospital Santa Teresa.<\/p>\n","protected":false},"excerpt":{"rendered":"<p>Infectologista do Hospital Santa Teresa explica sobre o processo de transmiss\u00e3o e enfatiza a import\u00e2ncia<\/p>\n","protected":false},"author":1,"featured_media":6020,"comment_status":"closed","ping_status":"open","sticky":false,"template":"","format":"standard","meta":{"spay_email":"","footnotes":"","jetpack_publicize_message":""},"categories":[2],"tags":[],"jetpack_featured_media_url":"https:\/\/i1.wp.com\/jornaldeitaipava.com.br\/wp-content\/uploads\/2020\/12\/HST.jpg?fit=549%2C332&ssl=1","jetpack_publicize_connections":[],"jetpack_sharing_enabled":true,"jetpack_likes_enabled":true,"jetpack-related-posts":[],"_links":{"self":[{"href":"https:\/\/jornaldeitaipava.com.br\/index.php\/wp-json\/wp\/v2\/posts\/49757"}],"collection":[{"href":"https:\/\/jornaldeitaipava.com.br\/index.php\/wp-json\/wp\/v2\/posts"}],"about":[{"href":"https:\/\/jornaldeitaipava.com.br\/index.php\/wp-json\/wp\/v2\/types\/post"}],"author":[{"embeddable":true,"href":"https:\/\/jornaldeitaipava.com.br\/index.php\/wp-json\/wp\/v2\/users\/1"}],"replies":[{"embeddable":true,"href":"https:\/\/jornaldeitaipava.com.br\/index.php\/wp-json\/wp\/v2\/comments?post=49757"}],"version-history":[{"count":1,"href":"https:\/\/jornaldeitaipava.com.br\/index.php\/wp-json\/wp\/v2\/posts\/49757\/revisions"}],"predecessor-version":[{"id":49758,"href":"https:\/\/jornaldeitaipava.com.br\/index.php\/wp-json\/wp\/v2\/posts\/49757\/revisions\/49758"}],"wp:featuredmedia":[{"embeddable":true,"href":"https:\/\/jornaldeitaipava.com.br\/index.php\/wp-json\/wp\/v2\/media\/6020"}],"wp:attachment":[{"href":"https:\/\/jornaldeitaipava.com.br\/index.php\/wp-json\/wp\/v2\/media?parent=49757"}],"wp:term":[{"taxonomy":"category","embeddable":true,"href":"https:\/\/jornaldeitaipava.com.br\/index.php\/wp-json\/wp\/v2\/categories?post=49757"},{"taxonomy":"post_tag","embeddable":true,"href":"https:\/\/jornaldeitaipava.com.br\/index.php\/wp-json\/wp\/v2\/tags?post=49757"}],"curies":[{"name":"wp","href":"https:\/\/api.w.org\/{rel}","templated":true}]}}