{"id":49759,"date":"2026-01-22T16:51:34","date_gmt":"2026-01-22T19:51:34","guid":{"rendered":"https:\/\/jornaldeitaipava.com.br\/?p=49759"},"modified":"2026-01-22T16:51:37","modified_gmt":"2026-01-22T19:51:37","slug":"advogada-de-petropolis-ajuda-criancas-com-dificuldade-para-conseguir-vaga-em-creches-publicas","status":"publish","type":"post","link":"https:\/\/jornaldeitaipava.com.br\/index.php\/2026\/01\/22\/advogada-de-petropolis-ajuda-criancas-com-dificuldade-para-conseguir-vaga-em-creches-publicas\/","title":{"rendered":"Advogada de Petr\u00f3polis ajuda crian\u00e7as com dificuldade para conseguir vaga em creches p\u00fablicas"},"content":{"rendered":"\n<p>A dificuldade de acesso a vagas em creches p\u00fablicas \u00e9 uma realidade enfrentada por muitas fam\u00edlias brasileiras, especialmente m\u00e3es que precisam trabalhar. A advogada Yasmin Gomes tem atuado em casos que buscam garantir judicialmente esse direito fundamental.<\/p>\n\n\n\n<p>Segundo ela, a educa\u00e7\u00e3o infantil \u00e9 um direito assegurado pela Constitui\u00e7\u00e3o Federal e pelo Estatuto da Crian\u00e7a e do Adolescente. \u201cQuando o munic\u00edpio n\u00e3o oferece vaga, \u00e9 poss\u00edvel recorrer ao Judici\u00e1rio para assegurar o acesso, inclusive por meio de decis\u00f5es liminares\u201d, explica.<\/p>\n\n\n\n<p>Yasmin Gomes destaca que muitas fam\u00edlias desconhecem essa possibilidade. \u201cNosso papel tamb\u00e9m \u00e9 informar. A falta de vaga n\u00e3o pode impedir o desenvolvimento da crian\u00e7a nem comprometer a subsist\u00eancia da fam\u00edlia\u201d, afirma.<\/p>\n\n\n\n<p>A advogada refor\u00e7a que cada caso deve ser analisado individualmente, respeitando a realidade local e a urg\u00eancia da situa\u00e7\u00e3o.<\/p>\n","protected":false},"excerpt":{"rendered":"<p>A dificuldade de acesso a vagas em creches p\u00fablicas \u00e9 uma realidade enfrentada por muitas<\/p>\n","protected":false},"author":1,"featured_media":49760,"comment_status":"closed","ping_status":"open","sticky":false,"template":"","format":"standard","meta":{"spay_email":"","footnotes":"","jetpack_publicize_message":""},"categories":[2],"tags":[],"jetpack_featured_media_url":"https:\/\/i2.wp.com\/jornaldeitaipava.com.br\/wp-content\/uploads\/2026\/01\/WhatsApp-Image-2026-01-22-at-13.04.26.jpeg?fit=1600%2C1068&ssl=1","jetpack_publicize_connections":[],"jetpack_sharing_enabled":true,"jetpack_likes_enabled":true,"jetpack-related-posts":[],"_links":{"self":[{"href":"https:\/\/jornaldeitaipava.com.br\/index.php\/wp-json\/wp\/v2\/posts\/49759"}],"collection":[{"href":"https:\/\/jornaldeitaipava.com.br\/index.php\/wp-json\/wp\/v2\/posts"}],"about":[{"href":"https:\/\/jornaldeitaipava.com.br\/index.php\/wp-json\/wp\/v2\/types\/post"}],"author":[{"embeddable":true,"href":"https:\/\/jornaldeitaipava.com.br\/index.php\/wp-json\/wp\/v2\/users\/1"}],"replies":[{"embeddable":true,"href":"https:\/\/jornaldeitaipava.com.br\/index.php\/wp-json\/wp\/v2\/comments?post=49759"}],"version-history":[{"count":1,"href":"https:\/\/jornaldeitaipava.com.br\/index.php\/wp-json\/wp\/v2\/posts\/49759\/revisions"}],"predecessor-version":[{"id":49761,"href":"https:\/\/jornaldeitaipava.com.br\/index.php\/wp-json\/wp\/v2\/posts\/49759\/revisions\/49761"}],"wp:featuredmedia":[{"embeddable":true,"href":"https:\/\/jornaldeitaipava.com.br\/index.php\/wp-json\/wp\/v2\/media\/49760"}],"wp:attachment":[{"href":"https:\/\/jornaldeitaipava.com.br\/index.php\/wp-json\/wp\/v2\/media?parent=49759"}],"wp:term":[{"taxonomy":"category","embeddable":true,"href":"https:\/\/jornaldeitaipava.com.br\/index.php\/wp-json\/wp\/v2\/categories?post=49759"},{"taxonomy":"post_tag","embeddable":true,"href":"https:\/\/jornaldeitaipava.com.br\/index.php\/wp-json\/wp\/v2\/tags?post=49759"}],"curies":[{"name":"wp","href":"https:\/\/api.w.org\/{rel}","templated":true}]}}