{"id":49766,"date":"2026-01-22T16:58:52","date_gmt":"2026-01-22T19:58:52","guid":{"rendered":"https:\/\/jornaldeitaipava.com.br\/?p=49766"},"modified":"2026-01-22T16:58:55","modified_gmt":"2026-01-22T19:58:55","slug":"preso-por-trafico-no-retiro","status":"publish","type":"post","link":"https:\/\/jornaldeitaipava.com.br\/index.php\/2026\/01\/22\/preso-por-trafico-no-retiro\/","title":{"rendered":"Preso por tr\u00e1fico no Retiro"},"content":{"rendered":"\n<p>Na noite desta quarta-feira (21), policiais militares do 26\u00ba BPM, por meio da Equipe Reservada \u2013 Ala Delta, em a\u00e7\u00e3o conjunta com a 105\u00aa Delegacia de Pol\u00edcia, realizaram uma pris\u00e3o por tr\u00e1fico il\u00edcito de drogas no bairro Retiro, em Petr\u00f3polis.<\/p>\n\n\n\n<p>A a\u00e7\u00e3o ocorreu ap\u00f3s levantamento de dados de intelig\u00eancia e den\u00fancias informando que quatro indiv\u00edduos n\u00e3o oriundos da localidade estariam praticando o tr\u00e1fico de drogas em um beco na parte alta do Morro da Cocada, \u00e1rea conhecida como ponto de venda de entorpecentes, com atua\u00e7\u00e3o atribu\u00edda \u00e0 fac\u00e7\u00e3o criminosa Comando Vermelho.<\/p>\n\n\n\n<p>Durante a incurs\u00e3o, os policiais localizaram inicialmente um dos envolvidos, que indicou que os demais estariam em \u00e1rea de mata escondendo o material il\u00edcito. Em continuidade \u00e0 a\u00e7\u00e3o, a equipe visualizou os outros suspeitos saindo do local indicado, sendo todos abordados.<\/p>\n\n\n\n<p>Ap\u00f3s buscas, os policiais lograram \u00eaxito em apreender grande quantidade de entorpecentes, al\u00e9m de dinheiro em esp\u00e9cie. Um dos envolvidos indicou espontaneamente os pontos onde as drogas estavam escondidas.<\/p>\n\n\n\n<p>Material apreendido:<br>\u2022 55 pedras de crack (aprox. 99 g);<br>\u2022 50 pinos de coca\u00edna (aprox. 191 g);<br>\u2022 37 tabletes de maconha (aprox. 356 g);<br>\u2022 R$ 23,00 em esp\u00e9cie;<br>\u2022 01 aparelho celular.<\/p>\n\n\n\n<p>Foram conduzidos \u00e0 105\u00aa DP tr\u00eas acusados maiores de idade e um adolescente, todos apresentados em flagrante. Ap\u00f3s aprecia\u00e7\u00e3o da autoridade policial, os maiores foram autuados pelos artigos 33 e 35 da Lei 11.343\/06, permanecendo presos em flagrante, e o menor apreendido por fato an\u00e1logo ao crime de tr\u00e1fico de drogas.<\/p>\n\n\n\n<p>A Pol\u00edcia Militar refor\u00e7a seu compromisso com o combate cont\u00ednuo e estrat\u00e9gico ao tr\u00e1fico de drogas, atuando de forma integrada para garantir mais seguran\u00e7a e tranquilidade \u00e0 popula\u00e7\u00e3o de Petr\u00f3polis<\/p>\n","protected":false},"excerpt":{"rendered":"<p>Na noite desta quarta-feira (21), policiais militares do 26\u00ba BPM, por meio da Equipe Reservada<\/p>\n","protected":false},"author":1,"featured_media":13087,"comment_status":"closed","ping_status":"open","sticky":false,"template":"","format":"standard","meta":{"spay_email":"","footnotes":"","jetpack_publicize_message":""},"categories":[2],"tags":[],"jetpack_featured_media_url":"https:\/\/i1.wp.com\/jornaldeitaipava.com.br\/wp-content\/uploads\/2021\/04\/105.png?fit=600%2C315&ssl=1","jetpack_publicize_connections":[],"jetpack_sharing_enabled":true,"jetpack_likes_enabled":true,"jetpack-related-posts":[],"_links":{"self":[{"href":"https:\/\/jornaldeitaipava.com.br\/index.php\/wp-json\/wp\/v2\/posts\/49766"}],"collection":[{"href":"https:\/\/jornaldeitaipava.com.br\/index.php\/wp-json\/wp\/v2\/posts"}],"about":[{"href":"https:\/\/jornaldeitaipava.com.br\/index.php\/wp-json\/wp\/v2\/types\/post"}],"author":[{"embeddable":true,"href":"https:\/\/jornaldeitaipava.com.br\/index.php\/wp-json\/wp\/v2\/users\/1"}],"replies":[{"embeddable":true,"href":"https:\/\/jornaldeitaipava.com.br\/index.php\/wp-json\/wp\/v2\/comments?post=49766"}],"version-history":[{"count":1,"href":"https:\/\/jornaldeitaipava.com.br\/index.php\/wp-json\/wp\/v2\/posts\/49766\/revisions"}],"predecessor-version":[{"id":49767,"href":"https:\/\/jornaldeitaipava.com.br\/index.php\/wp-json\/wp\/v2\/posts\/49766\/revisions\/49767"}],"wp:featuredmedia":[{"embeddable":true,"href":"https:\/\/jornaldeitaipava.com.br\/index.php\/wp-json\/wp\/v2\/media\/13087"}],"wp:attachment":[{"href":"https:\/\/jornaldeitaipava.com.br\/index.php\/wp-json\/wp\/v2\/media?parent=49766"}],"wp:term":[{"taxonomy":"category","embeddable":true,"href":"https:\/\/jornaldeitaipava.com.br\/index.php\/wp-json\/wp\/v2\/categories?post=49766"},{"taxonomy":"post_tag","embeddable":true,"href":"https:\/\/jornaldeitaipava.com.br\/index.php\/wp-json\/wp\/v2\/tags?post=49766"}],"curies":[{"name":"wp","href":"https:\/\/api.w.org\/{rel}","templated":true}]}}