{"id":49768,"date":"2026-01-22T17:07:14","date_gmt":"2026-01-22T20:07:14","guid":{"rendered":"https:\/\/jornaldeitaipava.com.br\/?p=49768"},"modified":"2026-01-22T17:07:17","modified_gmt":"2026-01-22T20:07:17","slug":"petropolis-pode-instituir-a-semana-municipal-de-combate-a-intolerancia-religiosa","status":"publish","type":"post","link":"https:\/\/jornaldeitaipava.com.br\/index.php\/2026\/01\/22\/petropolis-pode-instituir-a-semana-municipal-de-combate-a-intolerancia-religiosa\/","title":{"rendered":"Petr\u00f3polis pode instituir a Semana Municipal de Combate \u00e0 Intoler\u00e2ncia Religiosa"},"content":{"rendered":"\n<p>No Dia Nacional de Combate \u00e0 Intoler\u00e2ncia Religiosa, celebrado em 21 de janeiro, a C\u00e2mara Municipal de Petr\u00f3polis recebe e d\u00e1 in\u00edcio \u00e0 tramita\u00e7\u00e3o do Projeto de Lei n\u00ba 0032\/2026, de autoria da vereadora Professora L\u00edvia, que prop\u00f5e a cria\u00e7\u00e3o da Semana Municipal de Combate \u00e0 Intoler\u00e2ncia Religiosa no calend\u00e1rio oficial do munic\u00edpio.<\/p>\n\n\n\n<p>A proposta estabelece que a semana seja realizada anualmente no per\u00edodo que compreende o dia 21 de janeiro, com o objetivo de promover o respeito \u00e0 diversidade religiosa, estimular o di\u00e1logo inter-religioso, fortalecer a cultura de paz e dar visibilidade aos mecanismos de den\u00fancia de viola\u00e7\u00f5es de direitos motivadas por intoler\u00e2ncia religiosa e racismo religioso.<\/p>\n\n\n\n<p>De acordo com o texto do projeto, durante a semana o Poder Executivo poder\u00e1 promover palestras, f\u00f3runs, eventos culturais e a\u00e7\u00f5es educativas, al\u00e9m de firmar parcerias com entidades da sociedade civil, institui\u00e7\u00f5es religiosas e conselhos de direitos, assegurando a pluralidade de cren\u00e7as e vertentes religiosas presentes no munic\u00edpio.<\/p>\n\n\n\n<p><strong>Compromisso com a diversidade e os direitos humanos<\/strong><\/p>\n\n\n\n<p>Para a autora da proposta, que tamb\u00e9m preside a Comiss\u00e3o de Direitos Humanos da C\u00e2mara Municipal, a iniciativa refor\u00e7a o papel do poder p\u00fablico na defesa da liberdade religiosa e no enfrentamento \u00e0s diversas formas de discrimina\u00e7\u00e3o.<\/p>\n\n\n\n<p>\u201cInstituir a Semana Municipal de Combate \u00e0 Intoler\u00e2ncia Religiosa \u00e9 reafirmar que Petr\u00f3polis \u00e9 uma cidade que valoriza a diversidade, o respeito e a liberdade de cren\u00e7a. \u00c9 uma a\u00e7\u00e3o educativa, de preven\u00e7\u00e3o e tamb\u00e9m de posicionamento pol\u00edtico contra toda forma de viol\u00eancia motivada pelo \u00f3dio religioso\u201d, afirma a vereadora Professora L\u00edvia.<\/p>\n\n\n\n<p>A parlamentar destaca ainda que o projeto dialoga com legisla\u00e7\u00f5es j\u00e1 existentes e com iniciativas reconhecidas no munic\u00edpio, fortalecendo pol\u00edticas p\u00fablicas de direitos humanos e cultura de paz.<\/p>\n\n\n\n<p><strong>Representatividade das culturas de matriz africana<\/strong><\/p>\n\n\n\n<p>O projeto tamb\u00e9m foi bem recebido por representantes da sociedade civil e do setor cultural. Para Guilherme Freitas Gomes, conselheiro municipal de cultura pelo segmento de culturas afro-brasileiras, quilombolas e de matrizes africanas, a proposta representa um avan\u00e7o institucional importante.<\/p>\n\n\n\n<p>\u201cA intoler\u00e2ncia religiosa atinge de forma hist\u00f3rica e estrutural as religi\u00f5es de matriz africana. Criar uma semana dedicada ao enfrentamento desse problema \u00e9 reconhecer essa realidade e abrir espa\u00e7o para educa\u00e7\u00e3o, di\u00e1logo e valoriza\u00e7\u00e3o dos povos e comunidades tradicionais de terreiro\u201d, ressalta Guilherme.<\/p>\n\n\n\n<p>Segundo ele, a iniciativa tamb\u00e9m fortalece o papel dos coletivos culturais e religiosos que atuam na defesa dos direitos, como o Coletivo Povo do Santo, do qual \u00e9 um dos coordenadores em Petr\u00f3polis.<\/p>\n\n\n\n<p><strong>Pr\u00f3ximos passos<\/strong><\/p>\n\n\n\n<p>O Projeto de Lei n\u00ba 0032\/2026 segue em tramita\u00e7\u00e3o na C\u00e2mara Municipal de Petr\u00f3polis. Caso aprovado, a Semana Municipal de Combate \u00e0 Intoler\u00e2ncia Religiosa passar\u00e1 a integrar oficialmente o calend\u00e1rio da cidade, consolidando Petr\u00f3polis como refer\u00eancia na promo\u00e7\u00e3o da liberdade religiosa, do respeito e da diversidade cultural.<\/p>\n","protected":false},"excerpt":{"rendered":"<p>No Dia Nacional de Combate \u00e0 Intoler\u00e2ncia Religiosa, celebrado em 21 de janeiro, a C\u00e2mara<\/p>\n","protected":false},"author":1,"featured_media":49769,"comment_status":"closed","ping_status":"open","sticky":false,"template":"","format":"standard","meta":{"spay_email":"","footnotes":"","jetpack_publicize_message":""},"categories":[2],"tags":[],"jetpack_featured_media_url":"https:\/\/i2.wp.com\/jornaldeitaipava.com.br\/wp-content\/uploads\/2026\/01\/WhatsApp-Image-2026-01-21-at-18.57.15.jpeg?fit=1600%2C1131&ssl=1","jetpack_publicize_connections":[],"jetpack_sharing_enabled":true,"jetpack_likes_enabled":true,"jetpack-related-posts":[],"_links":{"self":[{"href":"https:\/\/jornaldeitaipava.com.br\/index.php\/wp-json\/wp\/v2\/posts\/49768"}],"collection":[{"href":"https:\/\/jornaldeitaipava.com.br\/index.php\/wp-json\/wp\/v2\/posts"}],"about":[{"href":"https:\/\/jornaldeitaipava.com.br\/index.php\/wp-json\/wp\/v2\/types\/post"}],"author":[{"embeddable":true,"href":"https:\/\/jornaldeitaipava.com.br\/index.php\/wp-json\/wp\/v2\/users\/1"}],"replies":[{"embeddable":true,"href":"https:\/\/jornaldeitaipava.com.br\/index.php\/wp-json\/wp\/v2\/comments?post=49768"}],"version-history":[{"count":1,"href":"https:\/\/jornaldeitaipava.com.br\/index.php\/wp-json\/wp\/v2\/posts\/49768\/revisions"}],"predecessor-version":[{"id":49770,"href":"https:\/\/jornaldeitaipava.com.br\/index.php\/wp-json\/wp\/v2\/posts\/49768\/revisions\/49770"}],"wp:featuredmedia":[{"embeddable":true,"href":"https:\/\/jornaldeitaipava.com.br\/index.php\/wp-json\/wp\/v2\/media\/49769"}],"wp:attachment":[{"href":"https:\/\/jornaldeitaipava.com.br\/index.php\/wp-json\/wp\/v2\/media?parent=49768"}],"wp:term":[{"taxonomy":"category","embeddable":true,"href":"https:\/\/jornaldeitaipava.com.br\/index.php\/wp-json\/wp\/v2\/categories?post=49768"},{"taxonomy":"post_tag","embeddable":true,"href":"https:\/\/jornaldeitaipava.com.br\/index.php\/wp-json\/wp\/v2\/tags?post=49768"}],"curies":[{"name":"wp","href":"https:\/\/api.w.org\/{rel}","templated":true}]}}