{"id":49775,"date":"2026-01-23T18:18:43","date_gmt":"2026-01-23T21:18:43","guid":{"rendered":"https:\/\/jornaldeitaipava.com.br\/?p=49775"},"modified":"2026-01-23T18:18:47","modified_gmt":"2026-01-23T21:18:47","slug":"comissao-de-educacao-da-camara-denuncia-falta-de-preparo-da-prefeitura-para-o-inicio-do-ano-letivo-em-petropolis","status":"publish","type":"post","link":"https:\/\/jornaldeitaipava.com.br\/index.php\/2026\/01\/23\/comissao-de-educacao-da-camara-denuncia-falta-de-preparo-da-prefeitura-para-o-inicio-do-ano-letivo-em-petropolis\/","title":{"rendered":"Comiss\u00e3o de Educa\u00e7\u00e3o da C\u00e2mara denuncia falta de preparo da Prefeitura para o in\u00edcio do ano letivo em Petr\u00f3polis"},"content":{"rendered":"\n<p>A vereadora Prof\u00aa L\u00edvia, presidente da Comiss\u00e3o de Educa\u00e7\u00e3o da C\u00e2mara Municipal de Petr\u00f3polis, denunciou a falta de planejamento da Prefeitura para o in\u00edcio do ano letivo, previsto para o dia 2 de fevereiro.<\/p>\n\n\n\n<p>Fechamento de turmas gera superlota\u00e7\u00e3o e prejudica inclus\u00e3o<br>Um dos problemas apontados pela Comiss\u00e3o \u00e9 o fechamento de turmas ap\u00f3s o per\u00edodo oficial de matr\u00edcula, realizado normalmente no fim do ano passado. A medida resulta em salas mais cheias j\u00e1 em 2026, contrariando princ\u00edpios pedag\u00f3gicos e diretrizes de inclus\u00e3o.<\/p>\n\n\n\n<p>-\u201cA Prefeitura fez a matr\u00edcula das crian\u00e7as e, s\u00f3 depois disso, determinou o fechamento de turmas. Isso gera superlota\u00e7\u00e3o e prejudica diretamente o processo de ensino-aprendizagem\u201d,_ criticou a parlamentar.<\/p>\n\n\n\n<p>A situa\u00e7\u00e3o \u00e9 ainda mais grave para estudantes com defici\u00eancia, que necessitam de condi\u00e7\u00f5es espec\u00edficas para um atendimento adequado.<\/p>\n\n\n\n<p>\u201cAs turmas maiores n\u00e3o respeitam a redu\u00e7\u00e3o necess\u00e1ria para o atendimento adequado aos estudantes com defici\u00eancia em situa\u00e7\u00e3o de inclus\u00e3o. Isso sobrecarrega os profissionais, as professoras e professores, al\u00e9m de ferir o direito \u00e0 educa\u00e7\u00e3o inclusiva\u201d, alertou Prof\u00aa L\u00edvia.<\/p>\n\n\n\n<p>Para a presidenta da Comiss\u00e3o de Educa\u00e7\u00e3o, os problemas evidenciam a falta de planejamento da gest\u00e3o municipal.<\/p>\n\n\n\n<p>\u201cN\u00e3o h\u00e1 garantia de que todas as turmas ter\u00e3o professores, n\u00e3o h\u00e1 defini\u00e7\u00e3o sobre os concursados e h\u00e1 superlota\u00e7\u00e3o nas salas. Isso mostra que a Secretaria de Educa\u00e7\u00e3o n\u00e3o preparou o ano letivo\u201d, concluiu.<\/p>\n\n\n\n<p><strong>Concursados aguardam posse sem data definida<\/strong><\/p>\n\n\n\n<p>Um dos pontos mais cr\u00edticos levantados pela Comiss\u00e3o de Educa\u00e7\u00e3o \u00e9 a situa\u00e7\u00e3o dos profissionais aprovados em concurso p\u00fablico, convocados ainda em setembro, que seguem sem previs\u00e3o de posse.<\/p>\n\n\n\n<p>\u201cEssas pessoas j\u00e1 entregaram toda a documenta\u00e7\u00e3o e est\u00e3o apenas aguardando a posse, mas n\u00e3o existe nenhuma data definida pela Prefeitura. Isso impacta diretamente o funcionamento das escolas\u201d, destacou a Prof\u00aa L\u00edvia.<\/p>\n\n\n\n<p>Segundo a vereadora, a indefini\u00e7\u00e3o parece fazer parte de uma estrat\u00e9gia da gest\u00e3o municipal para reduzir o chamamento de novos profissionais, mesmo diante da demanda existente na rede.<\/p>\n\n\n\n<p>\u201cExiste uma incerteza deliberada por parte do RH da Prefeitura quanto \u00e0 posse dos concursados, o que compromete o in\u00edcio do ano letivo com professores garantidos em todas as turmas\u201d, completou.<\/p>\n\n\n\n<p>A den\u00fancia foi feita pela vereadora Professora L\u00edvia (PCdoB), presidenta da comiss\u00e3o, ap\u00f3s reuni\u00e3o com representantes do Convoca Petr\u00f3polis, que apontaram uma s\u00e9rie de incertezas que afetam professores, profissionais da educa\u00e7\u00e3o, estudantes e fam\u00edlias da rede municipal.<\/p>\n\n\n\n<p>Entre os principais problemas est\u00e3o a indefini\u00e7\u00e3o sobre a posse de concursados j\u00e1 convocados, o fechamento de turmas ap\u00f3s o per\u00edodo de matr\u00edcula e o descumprimento do calend\u00e1rio do concurso de remo\u00e7\u00e3o, o que compromete a organiza\u00e7\u00e3o das unidades escolares.<\/p>\n\n\n\n<p>\u201cO que estamos vendo \u00e9 um ano letivo que come\u00e7a cercado de incertezas, porque a Prefeitura simplesmente n\u00e3o planejou o retorno \u00e0s aulas\u201d, afirmou a vereadora.<\/p>\n\n\n\n<p><strong>Secretaria descumpre prazos e desorganiza escolas<\/strong><\/p>\n\n\n\n<p>A vereadora tamb\u00e9m destacou o descumprimento do calend\u00e1rio do concurso de remo\u00e7\u00e3o, que deveria ter sido divulgado at\u00e9 meados de dezembro. O processo \u00e9 fundamental para a reorganiza\u00e7\u00e3o dos profissionais da educa\u00e7\u00e3o entre as unidades escolares.<\/p>\n\n\n\n<p>\u201cA Secretaria de Educa\u00e7\u00e3o n\u00e3o cumpriu o prazo do concurso de remo\u00e7\u00e3o, o que impede a reorganiza\u00e7\u00e3o das equipes escolares e aumenta ainda mais o caos no in\u00edcio do ano letivo\u201d, afirmou.<\/p>\n\n\n\n<p><strong>Fiscaliza\u00e7\u00e3o seguir\u00e1 acompanhando o tema<\/strong><\/p>\n\n\n\n<p>Diante do cen\u00e1rio, a Comiss\u00e3o de Educa\u00e7\u00e3o seguir\u00e1 acompanhando o tema, cobrando esclarecimentos e provid\u00eancias da Prefeitura para garantir o pleno funcionamento da rede municipal de ensino no in\u00edcio do ano letivo.<\/p>\n\n\n\n<p>Logo ap\u00f3s as den\u00fancias, o mandato do presidente da Comiss\u00e3o de Educa\u00e7\u00e3o, vereador Prof\u00aa L\u00edvia (PCdoB), encaminhou of\u00edcios \u00e0 Secretaria Municipal de Educa\u00e7\u00e3o, solicitando explica\u00e7\u00f5es sobre o fechamento de turmas e o n\u00e3o cumprimento do calend\u00e1rio do concurso de remo\u00e7\u00e3o, e \u00e0 Secretaria Municipal de Administra\u00e7\u00e3o, cobrando informa\u00e7\u00f5es sobre a situa\u00e7\u00e3o das convoca\u00e7\u00f5es e a data de posse dos concursados j\u00e1 chamados.<\/p>\n","protected":false},"excerpt":{"rendered":"<p>A vereadora Prof\u00aa L\u00edvia, presidente da Comiss\u00e3o de Educa\u00e7\u00e3o da C\u00e2mara Municipal de Petr\u00f3polis, denunciou<\/p>\n","protected":false},"author":1,"featured_media":49776,"comment_status":"closed","ping_status":"open","sticky":false,"template":"","format":"standard","meta":{"spay_email":"","footnotes":"","jetpack_publicize_message":""},"categories":[24],"tags":[],"jetpack_featured_media_url":"https:\/\/i2.wp.com\/jornaldeitaipava.com.br\/wp-content\/uploads\/2026\/01\/WhatsApp-Image-2026-01-23-at-15.11.12.jpeg?fit=1280%2C905&ssl=1","jetpack_publicize_connections":[],"jetpack_sharing_enabled":true,"jetpack_likes_enabled":true,"jetpack-related-posts":[],"_links":{"self":[{"href":"https:\/\/jornaldeitaipava.com.br\/index.php\/wp-json\/wp\/v2\/posts\/49775"}],"collection":[{"href":"https:\/\/jornaldeitaipava.com.br\/index.php\/wp-json\/wp\/v2\/posts"}],"about":[{"href":"https:\/\/jornaldeitaipava.com.br\/index.php\/wp-json\/wp\/v2\/types\/post"}],"author":[{"embeddable":true,"href":"https:\/\/jornaldeitaipava.com.br\/index.php\/wp-json\/wp\/v2\/users\/1"}],"replies":[{"embeddable":true,"href":"https:\/\/jornaldeitaipava.com.br\/index.php\/wp-json\/wp\/v2\/comments?post=49775"}],"version-history":[{"count":1,"href":"https:\/\/jornaldeitaipava.com.br\/index.php\/wp-json\/wp\/v2\/posts\/49775\/revisions"}],"predecessor-version":[{"id":49777,"href":"https:\/\/jornaldeitaipava.com.br\/index.php\/wp-json\/wp\/v2\/posts\/49775\/revisions\/49777"}],"wp:featuredmedia":[{"embeddable":true,"href":"https:\/\/jornaldeitaipava.com.br\/index.php\/wp-json\/wp\/v2\/media\/49776"}],"wp:attachment":[{"href":"https:\/\/jornaldeitaipava.com.br\/index.php\/wp-json\/wp\/v2\/media?parent=49775"}],"wp:term":[{"taxonomy":"category","embeddable":true,"href":"https:\/\/jornaldeitaipava.com.br\/index.php\/wp-json\/wp\/v2\/categories?post=49775"},{"taxonomy":"post_tag","embeddable":true,"href":"https:\/\/jornaldeitaipava.com.br\/index.php\/wp-json\/wp\/v2\/tags?post=49775"}],"curies":[{"name":"wp","href":"https:\/\/api.w.org\/{rel}","templated":true}]}}