{"id":49782,"date":"2026-01-24T14:11:15","date_gmt":"2026-01-24T17:11:15","guid":{"rendered":"http:\/\/jornaldeitaipava.com.br\/?p=49782"},"modified":"2026-01-24T14:11:18","modified_gmt":"2026-01-24T17:11:18","slug":"prefeitura-vai-licitar-obra-de-contencao-para-o-alcobacinha","status":"publish","type":"post","link":"https:\/\/jornaldeitaipava.com.br\/index.php\/2026\/01\/24\/prefeitura-vai-licitar-obra-de-contencao-para-o-alcobacinha\/","title":{"rendered":"Prefeitura vai licitar obra de conten\u00e7\u00e3o para o Alcobacinha"},"content":{"rendered":"\n<p>O prefeito Hingo Hammes autorizou nesta sexta-feira (23\/01) o processo de licita\u00e7\u00e3o de uma obra de conten\u00e7\u00e3o na regi\u00e3o do Alcobacinha. O projeto ser\u00e1 executado com recursos federais. Essa \u00e9 uma das obras apresentadas pelo munic\u00edpio e selecionadas pelo Programa de Acelera\u00e7\u00e3o do Crescimento (PAC) do Governo Federal em 2025.<\/p>\n\n\n\n<p>&#8220;Essa \u00e9 uma obra aguardada h\u00e1 mais de 10 anos pela comunidade e que vai trazer mais seguran\u00e7a. Nossa expectativa \u00e9 que a interven\u00e7\u00e3o seja executada o mais r\u00e1pido poss\u00edvel. Seguimos trabalhando para tornar a nossa cidade mais segura&#8221;, destacou o prefeito Hingo Hammes.<\/p>\n\n\n\n<p>A conten\u00e7\u00e3o no Alcobacinha faz parte de um pacote de interven\u00e7\u00f5es do PAC. No total, o investimento passa dos R$ 59 milh\u00f5es.<\/p>\n\n\n\n<p>&#8220;Essa obra est\u00e1 or\u00e7ada em R$ 9,6 milh\u00f5es. Vai ser feita uma barreira din\u00e2mica e isso vai trazer uma enorme seguran\u00e7a e tranquilidade para os moradores&#8221;, afirmou o secret\u00e1rio de Obras, Maur\u00edcio Veiga. O valor final da obra pode ser menor por conta da concorr\u00eancia entre as empresas interessadas em realizar o servi\u00e7o.<\/p>\n\n\n\n<p>Ao longo do ano passado, a Prefeitura trabalhou para executar ou elaborar projetos de 30 obras de conten\u00e7\u00e3o e drenagem no munic\u00edpio. V\u00e1rias delas j\u00e1 est\u00e3o conclu\u00eddas, como nas regi\u00f5es da Estrada da Saudade (em dois pontos diferentes), Bingen, Quitandinha (em tr\u00eas pontos diferentes), Castel\u00e2nea, Coronel Veiga, 24 de Maio, Sargento Boening e no Morro da Oficina (Alto da Serra), onde as interven\u00e7\u00f5es j\u00e1 foram conclu\u00eddas e agora est\u00e3o na fase de reflorestamento. Outras est\u00e3o em andamento, como na Comunidade do Contorno (\u00e0s margens da BR-040), em Araras, no Caxambu e no Quitandinha.<\/p>\n","protected":false},"excerpt":{"rendered":"<p>O prefeito Hingo Hammes autorizou nesta sexta-feira (23\/01) o processo de licita\u00e7\u00e3o de uma obra<\/p>\n","protected":false},"author":1,"featured_media":49783,"comment_status":"closed","ping_status":"open","sticky":false,"template":"","format":"standard","meta":{"spay_email":"","footnotes":"","jetpack_publicize_message":""},"categories":[2],"tags":[],"jetpack_featured_media_url":"https:\/\/i1.wp.com\/jornaldeitaipava.com.br\/wp-content\/uploads\/2026\/01\/WhatsApp-Image-2026-01-24-at-09.58.21.jpeg?fit=1280%2C960&ssl=1","jetpack_publicize_connections":[],"jetpack_sharing_enabled":true,"jetpack_likes_enabled":true,"jetpack-related-posts":[],"_links":{"self":[{"href":"https:\/\/jornaldeitaipava.com.br\/index.php\/wp-json\/wp\/v2\/posts\/49782"}],"collection":[{"href":"https:\/\/jornaldeitaipava.com.br\/index.php\/wp-json\/wp\/v2\/posts"}],"about":[{"href":"https:\/\/jornaldeitaipava.com.br\/index.php\/wp-json\/wp\/v2\/types\/post"}],"author":[{"embeddable":true,"href":"https:\/\/jornaldeitaipava.com.br\/index.php\/wp-json\/wp\/v2\/users\/1"}],"replies":[{"embeddable":true,"href":"https:\/\/jornaldeitaipava.com.br\/index.php\/wp-json\/wp\/v2\/comments?post=49782"}],"version-history":[{"count":1,"href":"https:\/\/jornaldeitaipava.com.br\/index.php\/wp-json\/wp\/v2\/posts\/49782\/revisions"}],"predecessor-version":[{"id":49784,"href":"https:\/\/jornaldeitaipava.com.br\/index.php\/wp-json\/wp\/v2\/posts\/49782\/revisions\/49784"}],"wp:featuredmedia":[{"embeddable":true,"href":"https:\/\/jornaldeitaipava.com.br\/index.php\/wp-json\/wp\/v2\/media\/49783"}],"wp:attachment":[{"href":"https:\/\/jornaldeitaipava.com.br\/index.php\/wp-json\/wp\/v2\/media?parent=49782"}],"wp:term":[{"taxonomy":"category","embeddable":true,"href":"https:\/\/jornaldeitaipava.com.br\/index.php\/wp-json\/wp\/v2\/categories?post=49782"},{"taxonomy":"post_tag","embeddable":true,"href":"https:\/\/jornaldeitaipava.com.br\/index.php\/wp-json\/wp\/v2\/tags?post=49782"}],"curies":[{"name":"wp","href":"https:\/\/api.w.org\/{rel}","templated":true}]}}