{"id":49801,"date":"2026-01-26T17:41:24","date_gmt":"2026-01-26T20:41:24","guid":{"rendered":"https:\/\/jornaldeitaipava.com.br\/?p=49801"},"modified":"2026-01-26T17:41:25","modified_gmt":"2026-01-26T20:41:25","slug":"vem-ai-mais-uma-edicao-do-bloquinho-do-incluir-petropolis","status":"publish","type":"post","link":"https:\/\/jornaldeitaipava.com.br\/index.php\/2026\/01\/26\/vem-ai-mais-uma-edicao-do-bloquinho-do-incluir-petropolis\/","title":{"rendered":"Vem a\u00ed mais uma edi\u00e7\u00e3o do Bloquinho do INcluir Petr\u00f3polis"},"content":{"rendered":"\n<p class=\"has-text-align-center\"><strong>Evento se consolida como marco do Carnaval inclusivo na Regi\u00e3o Serrana.<\/strong><\/p>\n\n\n\n<p>O Bloquinho do INcluir Petr\u00f3polis chega na sua 4\u00aa edi\u00e7\u00e3o e esse ano vai desfilar pela Rua 16 de Mar\u00e7o no dia 08 de fevereiro, a partir das 9h. O evento, que vem se consolidado ao longo dos anos, se destaca como o primeiro bloco de Carnaval inclusivo da Regi\u00e3o Serrana, fortalecendo o protagonismo regional na pauta da inclus\u00e3o, acessibilidade e pertencimento social.<\/p>\n\n\n\n<p>Nesta edi\u00e7\u00e3o, o Bloquinho receber\u00e1 quatro \u00f4nibus com fam\u00edlias at\u00edpicas, vindas de munic\u00edpios como Duque de Caxias, Nova Igua\u00e7u, S\u00e3o Jo\u00e3o de Meriti e Rio de Janeiro, al\u00e9m da participa\u00e7\u00e3o ativa de fam\u00edlias da Regi\u00e3o Serrana que tradicionalmente integram o evento.<\/p>\n\n\n\n<p>A iniciativa tamb\u00e9m gera impacto positivo no com\u00e9rcio local, nos servi\u00e7os e na economia criativa, especialmente no Centro Hist\u00f3rico, ao mesmo tempo em que promove conviv\u00eancia social, diversidade e ocupa\u00e7\u00e3o inclusiva dos espa\u00e7os p\u00fablicos.<\/p>\n\n\n\n<p>Criado com o prop\u00f3sito de garantir a participa\u00e7\u00e3o plena de pessoas com defici\u00eancia, mobilidade reduzida, pessoas com doen\u00e7as raras, fam\u00edlias at\u00edpicas e comunidade em geral, o Bloquinho do INcluir Petr\u00f3polis demonstra que inclus\u00e3o vai al\u00e9m da adapta\u00e7\u00e3o: \u00e9 presen\u00e7a real, protagonismo e viv\u00eancia coletiva na cidade.<\/p>\n\n\n\n<p>\u201cO Bloquinho do INcluir Petr\u00f3polis \u00e9 uma constru\u00e7\u00e3o coletiva que cresce a cada edi\u00e7\u00e3o e fortalece a Regi\u00e3o Serrana como um territ\u00f3rio mais acess\u00edvel, humano e acolhedor\u201d, destaca Alessandra Caline, fundadora do INcluir Petr\u00f3polis.<\/p>\n\n\n\n<p>Gratuito e aberto ao p\u00fablico, o evento convida moradores e visitantes da Regi\u00e3o Serrana a participarem com fantasia, alegria e respeito, celebrando um Carnaval onde ningu\u00e9m fica de fora.<\/p>\n\n\n\n<p>Servi\u00e7o<br>Bloquinho Incluir Petr\u00f3polis<br>Data: 08 de fevereiro<br>Hor\u00e1rio: 9h<br>Local: Rua 16 de Mar\u00e7o \u2013 Centro \u2013 Petr\u00f3polis<br>Evento: 4\u00aa edi\u00e7\u00e3o do Bloquinho do INcluir Petr\u00f3polis \u2013 Carnaval Inclusivo<\/p>\n","protected":false},"excerpt":{"rendered":"<p>Evento se consolida como marco do Carnaval inclusivo na Regi\u00e3o Serrana. O Bloquinho do INcluir<\/p>\n","protected":false},"author":1,"featured_media":49802,"comment_status":"closed","ping_status":"open","sticky":false,"template":"","format":"standard","meta":{"spay_email":"","footnotes":"","jetpack_publicize_message":""},"categories":[1],"tags":[],"jetpack_featured_media_url":"https:\/\/i1.wp.com\/jornaldeitaipava.com.br\/wp-content\/uploads\/2026\/01\/WhatsApp-Image-2026-01-26-at-13.30.42.jpeg?fit=1600%2C1066&ssl=1","jetpack_publicize_connections":[],"jetpack_sharing_enabled":true,"jetpack_likes_enabled":true,"jetpack-related-posts":[],"_links":{"self":[{"href":"https:\/\/jornaldeitaipava.com.br\/index.php\/wp-json\/wp\/v2\/posts\/49801"}],"collection":[{"href":"https:\/\/jornaldeitaipava.com.br\/index.php\/wp-json\/wp\/v2\/posts"}],"about":[{"href":"https:\/\/jornaldeitaipava.com.br\/index.php\/wp-json\/wp\/v2\/types\/post"}],"author":[{"embeddable":true,"href":"https:\/\/jornaldeitaipava.com.br\/index.php\/wp-json\/wp\/v2\/users\/1"}],"replies":[{"embeddable":true,"href":"https:\/\/jornaldeitaipava.com.br\/index.php\/wp-json\/wp\/v2\/comments?post=49801"}],"version-history":[{"count":1,"href":"https:\/\/jornaldeitaipava.com.br\/index.php\/wp-json\/wp\/v2\/posts\/49801\/revisions"}],"predecessor-version":[{"id":49803,"href":"https:\/\/jornaldeitaipava.com.br\/index.php\/wp-json\/wp\/v2\/posts\/49801\/revisions\/49803"}],"wp:featuredmedia":[{"embeddable":true,"href":"https:\/\/jornaldeitaipava.com.br\/index.php\/wp-json\/wp\/v2\/media\/49802"}],"wp:attachment":[{"href":"https:\/\/jornaldeitaipava.com.br\/index.php\/wp-json\/wp\/v2\/media?parent=49801"}],"wp:term":[{"taxonomy":"category","embeddable":true,"href":"https:\/\/jornaldeitaipava.com.br\/index.php\/wp-json\/wp\/v2\/categories?post=49801"},{"taxonomy":"post_tag","embeddable":true,"href":"https:\/\/jornaldeitaipava.com.br\/index.php\/wp-json\/wp\/v2\/tags?post=49801"}],"curies":[{"name":"wp","href":"https:\/\/api.w.org\/{rel}","templated":true}]}}