{"id":49869,"date":"2026-01-31T13:52:38","date_gmt":"2026-01-31T16:52:38","guid":{"rendered":"http:\/\/jornaldeitaipava.com.br\/?p=49869"},"modified":"2026-01-31T13:52:40","modified_gmt":"2026-01-31T16:52:40","slug":"idosos-terao-canal-de-denuncias-sobre-violacao-dos-direitos","status":"publish","type":"post","link":"https:\/\/jornaldeitaipava.com.br\/index.php\/2026\/01\/31\/idosos-terao-canal-de-denuncias-sobre-violacao-dos-direitos\/","title":{"rendered":"Idosos ter\u00e3o canal de den\u00fancias sobre viola\u00e7\u00e3o dos direitos"},"content":{"rendered":"\n<p class=\"has-text-align-center\"><strong>Lei aprovada pela C\u00e2mara consolida uma s\u00e9rie de medidas em defesa da terceira idade<\/strong><\/p>\n\n\n\n<p>A C\u00e2mara Municipal aprovou, na primeira sess\u00e3o de 2026, projeto de lei do vereador Thiago Damaceno que cria o Servi\u00e7o Municipal de Recebimento de Den\u00fancias sobre Viola\u00e7\u00f5es dos Direitos dos Idosos. A proposta estabelece que o servi\u00e7o, criado para que as pessoas da terceira idade que sofram abuso, neglig\u00eancia ou discrimina\u00e7\u00e3o, ser\u00e1 feito por telefone e canais eletr\u00f4nicos, como e-mail e WhatsApp, al\u00e9m de atendimento f\u00edsico em alguma unidade disponibilizada pela Prefeitura.<\/p>\n\n\n\n<p>Thiago Damaceno acredita que esta lei consolida uma s\u00e9rie de a\u00e7\u00f5es em defesa dos idosos. Em dezembro, a Prefeitura sancionou um projeto do vereador que pro\u00edbe a nomea\u00e7\u00e3o em cargos p\u00fablicos ou a participa\u00e7\u00e3o em concursos de pessoas condenadas por algum tipo de viol\u00eancia contra os idosos. Damaceno tamb\u00e9m defendeu, no in\u00edcio do ano, o embarque priorit\u00e1rio para os idosos nos \u00f4nibus, atrav\u00e9s de uma campanha de sensibiliza\u00e7\u00e3o da sociedade.<\/p>\n\n\n\n<p>\u201cPoucas crueldades s\u00e3o compar\u00e1veis com a agress\u00e3o aos idosos, que j\u00e1 s\u00e3o uma popula\u00e7\u00e3o mais vulner\u00e1vel pelas dificuldades impostas pelo avan\u00e7o natural da idade, como a locomo\u00e7\u00e3o, por exemplo. Acredito que uma pol\u00edtica p\u00fablica integrada de defesa dessa popula\u00e7\u00e3o n\u00e3o depende apenas de uma pauta, mas sim, v\u00e1rios projetos e a\u00e7\u00f5es que s\u00e3o coordenados e se conversam. A proibi\u00e7\u00e3o de nomear pessoas que cometeram crimes contra os idosos foi um passo muito importante e, agora, estamos garantindo mais uma camada de prote\u00e7\u00e3o. \u00c9 dessa forma que a gente avan\u00e7a cada vez mais\u201d, afirmou.<\/p>\n\n\n\n<p>O projeto aprovado pela C\u00e2mara que cria o servi\u00e7o de den\u00fancias prev\u00ea o acompanhamento de institui\u00e7\u00f5es como o Minist\u00e9rio P\u00fablico, a Pol\u00edcia Civil e o Conselho Municipal de Defesa dos Direitos da Pessoa Idosa (CMDDPI). Agora, o projeto vai para san\u00e7\u00e3o do Poder Executivo.<\/p>\n","protected":false},"excerpt":{"rendered":"<p>Lei aprovada pela C\u00e2mara consolida uma s\u00e9rie de medidas em defesa da terceira idade A<\/p>\n","protected":false},"author":1,"featured_media":49870,"comment_status":"closed","ping_status":"open","sticky":false,"template":"","format":"standard","meta":{"spay_email":"","footnotes":"","jetpack_publicize_message":""},"categories":[2],"tags":[],"jetpack_featured_media_url":"https:\/\/i2.wp.com\/jornaldeitaipava.com.br\/wp-content\/uploads\/2026\/01\/WhatsApp-Image-2026-01-28-at-14.05.15.jpeg?fit=1600%2C1066&ssl=1","jetpack_publicize_connections":[],"jetpack_sharing_enabled":true,"jetpack_likes_enabled":true,"jetpack-related-posts":[],"_links":{"self":[{"href":"https:\/\/jornaldeitaipava.com.br\/index.php\/wp-json\/wp\/v2\/posts\/49869"}],"collection":[{"href":"https:\/\/jornaldeitaipava.com.br\/index.php\/wp-json\/wp\/v2\/posts"}],"about":[{"href":"https:\/\/jornaldeitaipava.com.br\/index.php\/wp-json\/wp\/v2\/types\/post"}],"author":[{"embeddable":true,"href":"https:\/\/jornaldeitaipava.com.br\/index.php\/wp-json\/wp\/v2\/users\/1"}],"replies":[{"embeddable":true,"href":"https:\/\/jornaldeitaipava.com.br\/index.php\/wp-json\/wp\/v2\/comments?post=49869"}],"version-history":[{"count":1,"href":"https:\/\/jornaldeitaipava.com.br\/index.php\/wp-json\/wp\/v2\/posts\/49869\/revisions"}],"predecessor-version":[{"id":49871,"href":"https:\/\/jornaldeitaipava.com.br\/index.php\/wp-json\/wp\/v2\/posts\/49869\/revisions\/49871"}],"wp:featuredmedia":[{"embeddable":true,"href":"https:\/\/jornaldeitaipava.com.br\/index.php\/wp-json\/wp\/v2\/media\/49870"}],"wp:attachment":[{"href":"https:\/\/jornaldeitaipava.com.br\/index.php\/wp-json\/wp\/v2\/media?parent=49869"}],"wp:term":[{"taxonomy":"category","embeddable":true,"href":"https:\/\/jornaldeitaipava.com.br\/index.php\/wp-json\/wp\/v2\/categories?post=49869"},{"taxonomy":"post_tag","embeddable":true,"href":"https:\/\/jornaldeitaipava.com.br\/index.php\/wp-json\/wp\/v2\/tags?post=49869"}],"curies":[{"name":"wp","href":"https:\/\/api.w.org\/{rel}","templated":true}]}}