{"id":49872,"date":"2026-01-31T13:53:52","date_gmt":"2026-01-31T16:53:52","guid":{"rendered":"http:\/\/jornaldeitaipava.com.br\/?p=49872"},"modified":"2026-01-31T13:53:55","modified_gmt":"2026-01-31T16:53:55","slug":"prefeitura-e-ministerio-das-mulheres-avancam-nos-projetos-para-as-lavanderias-publicas-e-comunitarias","status":"publish","type":"post","link":"https:\/\/jornaldeitaipava.com.br\/index.php\/2026\/01\/31\/prefeitura-e-ministerio-das-mulheres-avancam-nos-projetos-para-as-lavanderias-publicas-e-comunitarias\/","title":{"rendered":"Prefeitura e Minist\u00e9rio das Mulheres avan\u00e7am nos projetos para as lavanderias p\u00fablicas e comunit\u00e1rias"},"content":{"rendered":"\n<p class=\"has-text-align-center\"><strong>Equipamentos ser\u00e3o instalados em duas comunidades vulner\u00e1veis da cidade<\/strong><\/p>\n\n\n\n<p>Uma comitiva do Minist\u00e9rio das Mulheres esteve em Petr\u00f3polis esta semana para tratar da instala\u00e7\u00e3o de lavanderias p\u00fablicas e comunit\u00e1rias na cidade. A parceria com a Prefeitura vai beneficiar duas comunidades vulner\u00e1veis da cidade: Serrinha, no Independ\u00eancia, e Alto da Derrubada, na Fazenda Inglesa.<\/p>\n\n\n\n<p>&#8220;Estamos avan\u00e7ando neste projeto, visitando as comunidades e conversando com os moradores. \u00c9 um projeto importante de fortalecimento da pol\u00edtica de cuidado&#8221;, disse o prefeito Hingo Hammes.<\/p>\n\n\n\n<p>A comitiva com representantes do Minist\u00e9rio das Mulheres e das secretarias municipais de Direitos e Pol\u00edticas P\u00fablicas para as Mulheres e de Obras visitou as comunidades que podem receber o projeto. &#8220;Temos todo interesse em consolidar essa parceria e levar esse projeto para comunidades vulner\u00e1veis e ajudar a transformar a realidade dessas mulheres&#8221;, frisou a secret\u00e1ria da Mulher, Ros\u00e2ngela Stumpf.<\/p>\n\n\n\n<p>&#8220;As lavanderias p\u00fablicas e comunit\u00e1rias fazem parte da pol\u00edtica de cuidado do Governo Federal. Al\u00e9m de oferecer o espa\u00e7o para que essas mulheres possam lavar a roupa, elas recebem capacita\u00e7\u00e3o e forma\u00e7\u00e3o em v\u00e1rios setores. \u00c9 um esfor\u00e7o de conviv\u00eancia, de forma\u00e7\u00e3o e de cuidado&#8221;, ressaltou a secret\u00e1ria Nacional de Autonomia Econ\u00f4mica e Economia de Cuidados do Minist\u00e9rio das Mulheres, Rosane Silva.<\/p>\n\n\n\n<p><strong>O que s\u00e3o as lavanderias p\u00fablicas e comunit\u00e1rias?<\/strong><\/p>\n\n\n\n<p>O projeto do Governo Federal tem como objetivo aliviar a sobrecarga de trabalho dom\u00e9stico feminino, promovendo autonomia econ\u00f4mica, estudos e lazer. As lavanderias possuem tanquinho, m\u00e1quinas de lavar e secar. O uso \u00e9 gratuito, mas exige agendamento pr\u00e9vio e inscri\u00e7\u00e3o no Cad\u00danico. Os espa\u00e7os funcionam como centros de conviv\u00eancia, incluindo brinquedotecas, salas para cursos, oficinas e, em alguns casos, hortas comunit\u00e1rias.<\/p>\n\n\n\n<p>A secret\u00e1ria executiva da Mulher do munic\u00edpio de Caruaru, em Pernambuco, Hannah Miranda Morais, tamb\u00e9m esteve em Petr\u00f3polis com a comitiva do Minist\u00e9rio das Mulheres. Caruaru foi a cidade do pa\u00eds a receber a lavanderia p\u00fablica e comunit\u00e1ria.<\/p>\n\n\n\n<p>&#8220;A experi\u00eancia de Caruaru \u00e9 exitosa. Atendemos cerca de 200 pessoas por dia, onde elas podem criar redes&#8221;, disse Hannah Morais. &#8220;\u00c9 uma grande oportunidade estar aqui em Petr\u00f3polis e falar de uma pol\u00edtica p\u00fablica importante para o cuidado&#8221;<\/p>\n","protected":false},"excerpt":{"rendered":"<p>Equipamentos ser\u00e3o instalados em duas comunidades vulner\u00e1veis da cidade Uma comitiva do Minist\u00e9rio das Mulheres<\/p>\n","protected":false},"author":1,"featured_media":49873,"comment_status":"closed","ping_status":"open","sticky":false,"template":"","format":"standard","meta":{"spay_email":"","footnotes":"","jetpack_publicize_message":""},"categories":[2],"tags":[],"jetpack_featured_media_url":"https:\/\/i1.wp.com\/jornaldeitaipava.com.br\/wp-content\/uploads\/2026\/01\/WhatsApp-Image-2026-01-31-at-13.40.00.jpeg?fit=1280%2C854&ssl=1","jetpack_publicize_connections":[],"jetpack_sharing_enabled":true,"jetpack_likes_enabled":true,"jetpack-related-posts":[],"_links":{"self":[{"href":"https:\/\/jornaldeitaipava.com.br\/index.php\/wp-json\/wp\/v2\/posts\/49872"}],"collection":[{"href":"https:\/\/jornaldeitaipava.com.br\/index.php\/wp-json\/wp\/v2\/posts"}],"about":[{"href":"https:\/\/jornaldeitaipava.com.br\/index.php\/wp-json\/wp\/v2\/types\/post"}],"author":[{"embeddable":true,"href":"https:\/\/jornaldeitaipava.com.br\/index.php\/wp-json\/wp\/v2\/users\/1"}],"replies":[{"embeddable":true,"href":"https:\/\/jornaldeitaipava.com.br\/index.php\/wp-json\/wp\/v2\/comments?post=49872"}],"version-history":[{"count":1,"href":"https:\/\/jornaldeitaipava.com.br\/index.php\/wp-json\/wp\/v2\/posts\/49872\/revisions"}],"predecessor-version":[{"id":49874,"href":"https:\/\/jornaldeitaipava.com.br\/index.php\/wp-json\/wp\/v2\/posts\/49872\/revisions\/49874"}],"wp:featuredmedia":[{"embeddable":true,"href":"https:\/\/jornaldeitaipava.com.br\/index.php\/wp-json\/wp\/v2\/media\/49873"}],"wp:attachment":[{"href":"https:\/\/jornaldeitaipava.com.br\/index.php\/wp-json\/wp\/v2\/media?parent=49872"}],"wp:term":[{"taxonomy":"category","embeddable":true,"href":"https:\/\/jornaldeitaipava.com.br\/index.php\/wp-json\/wp\/v2\/categories?post=49872"},{"taxonomy":"post_tag","embeddable":true,"href":"https:\/\/jornaldeitaipava.com.br\/index.php\/wp-json\/wp\/v2\/tags?post=49872"}],"curies":[{"name":"wp","href":"https:\/\/api.w.org\/{rel}","templated":true}]}}