{"id":49875,"date":"2026-01-31T13:55:00","date_gmt":"2026-01-31T16:55:00","guid":{"rendered":"http:\/\/jornaldeitaipava.com.br\/?p=49875"},"modified":"2026-01-31T13:55:04","modified_gmt":"2026-01-31T16:55:04","slug":"municipio-divulga-o-resultado-geral-da-pre-matricula-2026-e-abre-prazo-para-efetivacao-na-proxima-semana","status":"publish","type":"post","link":"https:\/\/jornaldeitaipava.com.br\/index.php\/2026\/01\/31\/municipio-divulga-o-resultado-geral-da-pre-matricula-2026-e-abre-prazo-para-efetivacao-na-proxima-semana\/","title":{"rendered":"Munic\u00edpio divulga o resultado geral da pr\u00e9-matr\u00edcula 2026 e abre prazo para efetiva\u00e7\u00e3o na pr\u00f3xima semana"},"content":{"rendered":"\n<p>Consulta j\u00e1 est\u00e1 dispon\u00edvel no site oficial do munic\u00edpio. Respons\u00e1veis devem comparecer \u00e0s unidades escolares designadas entre os dias 02 e 06 de fevereiro para garantir a vaga<\/p>\n\n\n\n<p>A Prefeitura disponibilizou o resultado geral da pr\u00e9-matr\u00edcula para o ano letivo de 2026 da Rede Municipal de Ensino. A listagem contempla o ingresso de novos alunos, transfer\u00eancias de estudantes que j\u00e1 integram a rede e o encaminhamento de alunos da Educa\u00e7\u00e3o Inclusiva. A consulta deve ser feita online, pelo site da Prefeitura, utilizando o CPF ou o nome completo do estudante e a data de nascimento.<\/p>\n\n\n\n<p>A etapa seguinte \u00e9 decisiva: a efetiva\u00e7\u00e3o da matr\u00edcula. Entre os dias 02 e 06 de fevereiro (segunda a sexta-feira), os pais ou respons\u00e1veis legais devem comparecer presencialmente \u00e0 unidade escolar para a qual o aluno foi encaminhado.<\/p>\n\n\n\n<p>O prefeito Hingo Hammes destaca que o processo foi organizado para garantir agilidade e transpar\u00eancia no acesso \u00e0s vagas.<br>\u201cA educa\u00e7\u00e3o \u00e9 a base para o desenvolvimento e para a reconstru\u00e7\u00e3o social que estamos promovendo em Petr\u00f3polis. Nosso compromisso \u00e9 garantir que toda crian\u00e7a e adolescente tenha seu lugar na sala de aula assegurado, com dignidade e estrutura. A divulga\u00e7\u00e3o deste resultado \u00e9 mais um passo no nosso planejamento para um ano letivo organizado e acolhedor para as fam\u00edlias petropolitanas\u201d, afirmou o prefeito.<\/p>\n\n\n\n<p>A Secretaria de Educa\u00e7\u00e3o alerta que o n\u00e3o comparecimento \u00e0 escola designada dentro do prazo estipulado pode acarretar a perda da vaga reservada na pr\u00e9-matr\u00edcula.<\/p>\n\n\n\n<p>A secret\u00e1ria de Educa\u00e7\u00e3o, Poliana Ferrarez, refor\u00e7a a import\u00e2ncia de conferir a documenta\u00e7\u00e3o antes de sair de casa para evitar pend\u00eancias.<br>\u201c\u00c9 fundamental que os respons\u00e1veis consultem o resultado o quanto antes e se organizem para ir \u00e0 escola na pr\u00f3xima semana. A pr\u00e9-matr\u00edcula organiza a nossa demanda, mas \u00e9 a assinatura na escola, com a entrega dos documentos, que garante efetivamente a cadeira daquele aluno. Nossas equipes diretivas est\u00e3o preparadas para receber a comunidade e auxiliar nesse processo\u201d, explicou a secret\u00e1ria.<\/p>\n\n\n\n<p>Servi\u00e7o:<br>O resultado pode ser conferido diretamente no site da Prefeitura: www.petropolis.rj.gov.br\/resultado-matricula.<\/p>\n\n\n\n<p>Documenta\u00e7\u00e3o obrigat\u00f3ria (original e c\u00f3pia)<\/p>\n\n\n\n<p>Para a efetiva\u00e7\u00e3o da matr\u00edcula, \u00e9 necess\u00e1rio apresentar a seguinte documenta\u00e7\u00e3o na secretaria da escola:<\/p>\n\n\n\n<p>Do aluno (Ensino Fundamental e EJA):<\/p>\n\n\n\n<ul>\n<li>Certid\u00e3o de nascimento ou casamento<\/li>\n\n\n\n<li>RG e CPF<\/li>\n\n\n\n<li>Cart\u00e3o do SUS<\/li>\n\n\n\n<li>Caderneta de vacina\u00e7\u00e3o atualizada<\/li>\n\n\n\n<li>02 fotos 3&#215;4<\/li>\n\n\n\n<li>Hist\u00f3rico escolar ou declara\u00e7\u00e3o escolar atualizada (emitida h\u00e1 no m\u00e1ximo 30 dias)<\/li>\n\n\n\n<li>N\u00famero do NIS (caso a fam\u00edlia seja benefici\u00e1ria de programas federais)<\/li>\n<\/ul>\n\n\n\n<p>Do respons\u00e1vel legal:<\/p>\n\n\n\n<ul>\n<li>RG e CPF<\/li>\n\n\n\n<li>Comprovante de resid\u00eancia atualizado (com CEP)<\/li>\n\n\n\n<li>Termo de guarda definitiva ou provis\u00f3ria dentro do prazo de validade (caso o respons\u00e1vel n\u00e3o seja pai ou m\u00e3e)<\/li>\n\n\n\n<li>N\u00fameros de telefones atualizados para contato<\/li>\n<\/ul>\n\n\n\n<p>Para mais informa\u00e7\u00f5es, a Secretaria de Educa\u00e7\u00e3o disponibiliza os telefones de atendimento: (24) 2246-8685 \/ 2246-8683 e, para o Polo de Itaipava, (24) 2246-8482 \/ 2246-8803.<\/p>\n","protected":false},"excerpt":{"rendered":"<p>Consulta j\u00e1 est\u00e1 dispon\u00edvel no site oficial do munic\u00edpio. Respons\u00e1veis devem comparecer \u00e0s unidades escolares<\/p>\n","protected":false},"author":1,"featured_media":14217,"comment_status":"closed","ping_status":"open","sticky":false,"template":"","format":"standard","meta":{"spay_email":"","footnotes":"","jetpack_publicize_message":""},"categories":[24],"tags":[],"jetpack_featured_media_url":"https:\/\/i1.wp.com\/jornaldeitaipava.com.br\/wp-content\/uploads\/2021\/04\/educa-sala-vazia-2.jpg?fit=546%2C294&ssl=1","jetpack_publicize_connections":[],"jetpack_sharing_enabled":true,"jetpack_likes_enabled":true,"jetpack-related-posts":[],"_links":{"self":[{"href":"https:\/\/jornaldeitaipava.com.br\/index.php\/wp-json\/wp\/v2\/posts\/49875"}],"collection":[{"href":"https:\/\/jornaldeitaipava.com.br\/index.php\/wp-json\/wp\/v2\/posts"}],"about":[{"href":"https:\/\/jornaldeitaipava.com.br\/index.php\/wp-json\/wp\/v2\/types\/post"}],"author":[{"embeddable":true,"href":"https:\/\/jornaldeitaipava.com.br\/index.php\/wp-json\/wp\/v2\/users\/1"}],"replies":[{"embeddable":true,"href":"https:\/\/jornaldeitaipava.com.br\/index.php\/wp-json\/wp\/v2\/comments?post=49875"}],"version-history":[{"count":1,"href":"https:\/\/jornaldeitaipava.com.br\/index.php\/wp-json\/wp\/v2\/posts\/49875\/revisions"}],"predecessor-version":[{"id":49876,"href":"https:\/\/jornaldeitaipava.com.br\/index.php\/wp-json\/wp\/v2\/posts\/49875\/revisions\/49876"}],"wp:featuredmedia":[{"embeddable":true,"href":"https:\/\/jornaldeitaipava.com.br\/index.php\/wp-json\/wp\/v2\/media\/14217"}],"wp:attachment":[{"href":"https:\/\/jornaldeitaipava.com.br\/index.php\/wp-json\/wp\/v2\/media?parent=49875"}],"wp:term":[{"taxonomy":"category","embeddable":true,"href":"https:\/\/jornaldeitaipava.com.br\/index.php\/wp-json\/wp\/v2\/categories?post=49875"},{"taxonomy":"post_tag","embeddable":true,"href":"https:\/\/jornaldeitaipava.com.br\/index.php\/wp-json\/wp\/v2\/tags?post=49875"}],"curies":[{"name":"wp","href":"https:\/\/api.w.org\/{rel}","templated":true}]}}