{"id":50001,"date":"2026-02-10T15:33:19","date_gmt":"2026-02-10T18:33:19","guid":{"rendered":"https:\/\/jornaldeitaipava.com.br\/?p=50001"},"modified":"2026-02-10T15:33:25","modified_gmt":"2026-02-10T18:33:25","slug":"estado-envia-maquinas-do-estradas-agro-rj-para-recuperar-acessos-ao-brejal","status":"publish","type":"post","link":"https:\/\/jornaldeitaipava.com.br\/index.php\/2026\/02\/10\/estado-envia-maquinas-do-estradas-agro-rj-para-recuperar-acessos-ao-brejal\/","title":{"rendered":"Estado envia m\u00e1quinas do \u201cEstradas Agro RJ\u201d para recuperar acessos ao Brejal"},"content":{"rendered":"\n<p>Melhoria, pedida por Bernardo Rossi, faz parte das a\u00e7\u00f5es do governador Cl\u00e1udio Castro em apoio a produ\u00e7\u00e3o rural<\/p>\n\n\n\n<p>O Governo do Estado, por meio da Secretaria de Agricultura, Pecu\u00e1ria e Abastecimento, far\u00e1 melhorias nos acessos \u00e0s \u00e1reas de produ\u00e7\u00e3o rural no Brejal \u2013 na Posse. As m\u00e1quinas e equipamentos chegaram ao quinto distrito na segunda-feira (9.02). A retomada do \u201cPrograma Estradas Agro RJ\u201d atende a uma solicita\u00e7\u00e3o do secret\u00e1rio do Ambiente e Sustentabilidade, Bernardo Rossi, que encaminhou a demanda de moradores e produtores rurais ao governador Cl\u00e1udio Castro e agilizou o envio dos equipamentos junto a Secretaria de Agricultura. J\u00e1 est\u00e3o na localidade: uma retroescavadeira, uma moto niveladora (patrol) e dois caminh\u00f5es.<\/p>\n\n\n\n<ul>\n<li>A chegada da patrulha do \u201cEstradas Agro RJ\u201d nos traz esperan\u00e7a de melhoria no escoamento da produ\u00e7\u00e3o para a Ceasa e para todas as regi\u00f5es. N\u00f3s produtores rurais, precisamos de ruas em boas condi\u00e7\u00f5es para isso. Agradecemos o governo do estado \u2013 destaca o presidente da Associa\u00e7\u00e3o de Produtores Rurais do Brejal, Sidnei Silva de Lima.<\/li>\n\n\n\n<li>O apoio \u00e0s demandas dos munic\u00edpios \u00e9 uma determina\u00e7\u00e3o do governador Cl\u00e1udio Castro. Este trabalho de melhoria nos acessos \u00e0s \u00e1reas rurais, feito pelas patrulhas do programa \u201cEstradas Agro RJ\u201d \u00e9 um auxilio ao produtor, para que o escoamento dos produtos agr\u00edcolas seja feito da melhor forma \u2013 explica Bernardo Rossi, destacando que o Brejal \u00e9 a \u00e1rea de produ\u00e7\u00e3o rural pioneira no cultivo de org\u00e2nicos no munic\u00edpio.<\/li>\n\n\n\n<li>O &#8220;Programa Estradas Agro RJ&#8221; engloba a\u00e7\u00f5es e iniciativas voltadas para o desenvolvimento do setor agropecu\u00e1rio fluminense. O Rio de Janeiro tem uma agricultura forte e de qualidade. Com o programa, o Governo do Estado avan\u00e7a de forma concreta no apoio aos produtores &#8211; destaca o secret\u00e1rio de Agricultura, Felipe Brasil.<\/li>\n<\/ul>\n\n\n\n<p>O trabalho dos produtores do Brejal deu a Petr\u00f3polis, em 2018 o titulo de Capital Estadual dos Produtos Org\u00e2nicos. Hoje a regi\u00e3o conta com cerca de 250 produtores, considerando produ\u00e7\u00e3o tradicional e cultivo de org\u00e2nicos. -Melhorar o escoamento da produ\u00e7\u00e3o rural reduz os custos e na ponta significa produtos com mais qualidade e menor pre\u00e7o para todos n\u00f3s consumidores \u2013 destaca o secret\u00e1rio do Ambiente e Sustentabilidade, Bernardo Rossi.<\/p>\n\n\n\n<p>Ao todo cerca de 830 fam\u00edlias vivem da produ\u00e7\u00e3o rural em Petr\u00f3polis. A cidade tem em nove regi\u00f5es voltadas para a produ\u00e7\u00e3o, entre as quais Brejal, Bonfim, Caxambu e Vale das Videiras.<\/p>\n\n\n\n<ul>\n<li>Em nome dos produtores agrade\u00e7o ao governador Cl\u00e1udio Castro, ao secret\u00e1rio de Agricultura, e principalmente ao Bernardo que mostra mais uma vez que \u00e9 parceiro dos produtores rurais de Petr\u00f3polis. Ano ap\u00f3s ano, o Bernardo trabalha para que a manuten\u00e7\u00e3o das estradas vicinais seja feita &#8211; destaca o presidente do Sindicato dos Produtores Rurais de Petr\u00f3polis, Henrique Mesquita da Costa.<\/li>\n<\/ul>\n\n\n\n<p>Desde 2023, por indica\u00e7\u00e3o de Bernardo Rossi, o \u201cPatrulha Mecanizada\u201d, melhora as condi\u00e7\u00f5es de estradas vicinais para acesso a \u00e1reas de produ\u00e7\u00e3o no Brejal, no Bonfim, no Caxamb\u00fa, entre outras localidades rurais de Petr\u00f3polis.<\/p>\n","protected":false},"excerpt":{"rendered":"<p>Melhoria, pedida por Bernardo Rossi, faz parte das a\u00e7\u00f5es do governador Cl\u00e1udio Castro em apoio<\/p>\n","protected":false},"author":1,"featured_media":50002,"comment_status":"closed","ping_status":"open","sticky":false,"template":"","format":"standard","meta":{"spay_email":"","footnotes":"","jetpack_publicize_message":""},"categories":[24],"tags":[],"jetpack_featured_media_url":"https:\/\/i2.wp.com\/jornaldeitaipava.com.br\/wp-content\/uploads\/2026\/02\/WhatsApp-Image-2026-02-10-at-15.14.42.jpeg?fit=1521%2C1600&ssl=1","jetpack_publicize_connections":[],"jetpack_sharing_enabled":true,"jetpack_likes_enabled":true,"jetpack-related-posts":[],"_links":{"self":[{"href":"https:\/\/jornaldeitaipava.com.br\/index.php\/wp-json\/wp\/v2\/posts\/50001"}],"collection":[{"href":"https:\/\/jornaldeitaipava.com.br\/index.php\/wp-json\/wp\/v2\/posts"}],"about":[{"href":"https:\/\/jornaldeitaipava.com.br\/index.php\/wp-json\/wp\/v2\/types\/post"}],"author":[{"embeddable":true,"href":"https:\/\/jornaldeitaipava.com.br\/index.php\/wp-json\/wp\/v2\/users\/1"}],"replies":[{"embeddable":true,"href":"https:\/\/jornaldeitaipava.com.br\/index.php\/wp-json\/wp\/v2\/comments?post=50001"}],"version-history":[{"count":1,"href":"https:\/\/jornaldeitaipava.com.br\/index.php\/wp-json\/wp\/v2\/posts\/50001\/revisions"}],"predecessor-version":[{"id":50003,"href":"https:\/\/jornaldeitaipava.com.br\/index.php\/wp-json\/wp\/v2\/posts\/50001\/revisions\/50003"}],"wp:featuredmedia":[{"embeddable":true,"href":"https:\/\/jornaldeitaipava.com.br\/index.php\/wp-json\/wp\/v2\/media\/50002"}],"wp:attachment":[{"href":"https:\/\/jornaldeitaipava.com.br\/index.php\/wp-json\/wp\/v2\/media?parent=50001"}],"wp:term":[{"taxonomy":"category","embeddable":true,"href":"https:\/\/jornaldeitaipava.com.br\/index.php\/wp-json\/wp\/v2\/categories?post=50001"},{"taxonomy":"post_tag","embeddable":true,"href":"https:\/\/jornaldeitaipava.com.br\/index.php\/wp-json\/wp\/v2\/tags?post=50001"}],"curies":[{"name":"wp","href":"https:\/\/api.w.org\/{rel}","templated":true}]}}