{"id":50006,"date":"2026-02-11T13:38:28","date_gmt":"2026-02-11T16:38:28","guid":{"rendered":"http:\/\/jornaldeitaipava.com.br\/?p=50006"},"modified":"2026-02-11T13:38:32","modified_gmt":"2026-02-11T16:38:32","slug":"cineclube-casa-stefan-zweig-exibe-as-cores-e-amores-de-lore","status":"publish","type":"post","link":"https:\/\/jornaldeitaipava.com.br\/index.php\/2026\/02\/11\/cineclube-casa-stefan-zweig-exibe-as-cores-e-amores-de-lore\/","title":{"rendered":"CINECLUBE CASA STEFAN ZWEIG exibe AS CORES E AMORES DE LORE"},"content":{"rendered":"\n<p>Fascinante, colorida, criativa, a vida e a obra da pintora alem\u00e3\u0303 Eleonore Koch, \u00fanica disc\u00edpula de Volpi, judia alem\u00e3 que se refugiou com a fam\u00edlia no Brasil pouco antes da Segunda Guerra Mundial \u00e9 a grande pedida para quem busca alternativas ao Carnaval neste s\u00e1bado. Produzido a partir de uma s\u00e9rie de encontros entre o diretor Jorge Bodanzky e a artista, o filme retrata os \u00faltimos anos de Lore e fez parte da sele\u00e7\u00e3o oficial do Festival \u00c9 Tudo Verdade de 2024.&nbsp;<\/p>\n\n\n\n<p>A adolescente Lore tinha especial interesse por cores e, aos 17 anos, entrou na Escola de Belas Artes de S\u00e3o Paulo, mas abandonou o curso antes do fim. Aconselhada pelos pais, aprendeu encaderna\u00e7\u00e3o. Estudou depois com artistas como a h\u00fangara Yolanda Mohalyi, Elisabeth Nobiling, Samson Flexor e, a partir de 1947, com o escultor Bruno Giorgi. Apoiada pelos pais, seguiu para uma temporada em Paris com \u00c1rp\u00e1d Szenes, artista exilado h\u00fangaro que passou alguns anos em Santa Teresa, Rio de Janeiro com a mulher Maria Helena Vieira da Silva, tamb\u00e9m pintora.<\/p>\n\n\n\n<p>Antes de se dedicar apenas \u00e0 pintura como cen\u00f3grafa na TV Tupi, foi secret\u00e1ria dos f\u00edsicos M\u00e1rio Schenberg e C\u00e9sar Lattes na Universidade de S\u00e3o Paulo (USP) e do designer Alo\u00edsio Magalhaes no Rio de Janeiro. Continuou sua forma\u00e7\u00e3o com Alfredo Volpi, de quem \u00e9 considerada a \u00fanica disc\u00edpula. Aprendeu com o mestre a trocar as tintas a \u00f3leo pela tempera. Mas a rela\u00e7\u00e3o era dif\u00edcil: ele nunca pintava na frente da aluna, falava pouco, e as vezes discutiam por causa de alguma determinada cor.<\/p>\n\n\n\n<p>Ap\u00f3s relut\u00e2ncia inicial dos curadores, suas obras foram exibidas em quatro Bienais Internacionais de S\u00e3o Paulo consecutivas, entre 1959 e 1967. Tamb\u00e9m participou de diversas edi\u00e7\u00f5es do Sal\u00e3o Paulista de Arte Moderna e do Sal\u00e3o Nacional de Arte Moderna. Realizou mostras individuais em importantes galerias de S\u00e3o Paulo e do Rio de Janeiro nas d\u00e9cadas de 1950 e 1960, bem como no Museu de Arte Moderna de S\u00e3o Paulo. Na d\u00e9cada de 1960 foi morar em Londres, onde exp\u00f4s e conheceu o mecenas e colecionador Alistair McAlpine, que comprava toda a sua produ\u00e7\u00e3o. Para complementar a renda, durante 13 anos foi funcion\u00e1ria da Scotland Yard, traduzindo depoimentos de indiciados. Em 1989 voltou ao Brasil e parou de pintar em 2002. Lore Koch faleceu em 2018 e seus quadros tiveram uma valoriza\u00e7\u00e3o fenomenal no<\/p>\n","protected":false},"excerpt":{"rendered":"<p>Fascinante, colorida, criativa, a vida e a obra da pintora alem\u00e3\u0303 Eleonore Koch, \u00fanica disc\u00edpula<\/p>\n","protected":false},"author":1,"featured_media":33608,"comment_status":"closed","ping_status":"open","sticky":false,"template":"","format":"standard","meta":{"spay_email":"","footnotes":"","jetpack_publicize_message":""},"categories":[1],"tags":[],"jetpack_featured_media_url":"https:\/\/i1.wp.com\/jornaldeitaipava.com.br\/wp-content\/uploads\/2023\/03\/STEFAN-ZWEIG.jpg?fit=1200%2C803&ssl=1","jetpack_publicize_connections":[],"jetpack_sharing_enabled":true,"jetpack_likes_enabled":true,"jetpack-related-posts":[],"_links":{"self":[{"href":"https:\/\/jornaldeitaipava.com.br\/index.php\/wp-json\/wp\/v2\/posts\/50006"}],"collection":[{"href":"https:\/\/jornaldeitaipava.com.br\/index.php\/wp-json\/wp\/v2\/posts"}],"about":[{"href":"https:\/\/jornaldeitaipava.com.br\/index.php\/wp-json\/wp\/v2\/types\/post"}],"author":[{"embeddable":true,"href":"https:\/\/jornaldeitaipava.com.br\/index.php\/wp-json\/wp\/v2\/users\/1"}],"replies":[{"embeddable":true,"href":"https:\/\/jornaldeitaipava.com.br\/index.php\/wp-json\/wp\/v2\/comments?post=50006"}],"version-history":[{"count":1,"href":"https:\/\/jornaldeitaipava.com.br\/index.php\/wp-json\/wp\/v2\/posts\/50006\/revisions"}],"predecessor-version":[{"id":50007,"href":"https:\/\/jornaldeitaipava.com.br\/index.php\/wp-json\/wp\/v2\/posts\/50006\/revisions\/50007"}],"wp:featuredmedia":[{"embeddable":true,"href":"https:\/\/jornaldeitaipava.com.br\/index.php\/wp-json\/wp\/v2\/media\/33608"}],"wp:attachment":[{"href":"https:\/\/jornaldeitaipava.com.br\/index.php\/wp-json\/wp\/v2\/media?parent=50006"}],"wp:term":[{"taxonomy":"category","embeddable":true,"href":"https:\/\/jornaldeitaipava.com.br\/index.php\/wp-json\/wp\/v2\/categories?post=50006"},{"taxonomy":"post_tag","embeddable":true,"href":"https:\/\/jornaldeitaipava.com.br\/index.php\/wp-json\/wp\/v2\/tags?post=50006"}],"curies":[{"name":"wp","href":"https:\/\/api.w.org\/{rel}","templated":true}]}}