{"id":50015,"date":"2026-02-11T13:51:50","date_gmt":"2026-02-11T16:51:50","guid":{"rendered":"http:\/\/jornaldeitaipava.com.br\/?p=50015"},"modified":"2026-02-11T13:51:53","modified_gmt":"2026-02-11T16:51:53","slug":"prefeitura-decreta-ponto-facultativo-nos-disa-1316-e-18-02","status":"publish","type":"post","link":"https:\/\/jornaldeitaipava.com.br\/index.php\/2026\/02\/11\/prefeitura-decreta-ponto-facultativo-nos-disa-1316-e-18-02\/","title":{"rendered":"Prefeitura decreta ponto facultativo nos disa 13,16 e 18\/02"},"content":{"rendered":"\n<p>A Prefeitura de Petr\u00f3polis informa que foi decretado ponto facultativo nos dias 13 (sexta-feira),16 (segunda-feira) e 18 (quarta-feira) de fevereiro de 2026, devido ao Carnaval.<\/p>\n\n\n\n<p>Durante esse per\u00edodo, os servi\u00e7os essenciais continuar\u00e3o funcionando normalmente, assegurando o atendimento \u00e0 popula\u00e7\u00e3o e continuidade das atividades indispens\u00e1veis ao munic\u00edpio como: Unidades de Urg\u00eancia e Emerg\u00eancia de Sa\u00fade, limpeza p\u00fablica, seguran\u00e7a, defesa civil.<\/p>\n\n\n\n<p>Nesta sexta-feira (13\/02), todos os servi\u00e7os do Hospital Alcides Carneiro (HAC) funcionar\u00e3o normalmente, incluindo o ambulat\u00f3rio, Centro de Imagem, Centro de Diagn\u00f3stico e Oncologia.<br>Todos os agendamentos de cirurgias, consultas, exames e outros procedimentos para este dia est\u00e3o mantidos.<\/p>\n","protected":false},"excerpt":{"rendered":"<p>A Prefeitura de Petr\u00f3polis informa que foi decretado ponto facultativo nos dias 13 (sexta-feira),16 (segunda-feira)<\/p>\n","protected":false},"author":1,"featured_media":13750,"comment_status":"closed","ping_status":"open","sticky":false,"template":"","format":"standard","meta":{"spay_email":"","footnotes":"","jetpack_publicize_message":""},"categories":[2],"tags":[],"jetpack_featured_media_url":"https:\/\/i0.wp.com\/jornaldeitaipava.com.br\/wp-content\/uploads\/2021\/04\/PALACIO-SERGIO-FADEL.jpg?fit=513%2C299&ssl=1","jetpack_publicize_connections":[],"jetpack_sharing_enabled":true,"jetpack_likes_enabled":true,"jetpack-related-posts":[],"_links":{"self":[{"href":"https:\/\/jornaldeitaipava.com.br\/index.php\/wp-json\/wp\/v2\/posts\/50015"}],"collection":[{"href":"https:\/\/jornaldeitaipava.com.br\/index.php\/wp-json\/wp\/v2\/posts"}],"about":[{"href":"https:\/\/jornaldeitaipava.com.br\/index.php\/wp-json\/wp\/v2\/types\/post"}],"author":[{"embeddable":true,"href":"https:\/\/jornaldeitaipava.com.br\/index.php\/wp-json\/wp\/v2\/users\/1"}],"replies":[{"embeddable":true,"href":"https:\/\/jornaldeitaipava.com.br\/index.php\/wp-json\/wp\/v2\/comments?post=50015"}],"version-history":[{"count":1,"href":"https:\/\/jornaldeitaipava.com.br\/index.php\/wp-json\/wp\/v2\/posts\/50015\/revisions"}],"predecessor-version":[{"id":50016,"href":"https:\/\/jornaldeitaipava.com.br\/index.php\/wp-json\/wp\/v2\/posts\/50015\/revisions\/50016"}],"wp:featuredmedia":[{"embeddable":true,"href":"https:\/\/jornaldeitaipava.com.br\/index.php\/wp-json\/wp\/v2\/media\/13750"}],"wp:attachment":[{"href":"https:\/\/jornaldeitaipava.com.br\/index.php\/wp-json\/wp\/v2\/media?parent=50015"}],"wp:term":[{"taxonomy":"category","embeddable":true,"href":"https:\/\/jornaldeitaipava.com.br\/index.php\/wp-json\/wp\/v2\/categories?post=50015"},{"taxonomy":"post_tag","embeddable":true,"href":"https:\/\/jornaldeitaipava.com.br\/index.php\/wp-json\/wp\/v2\/tags?post=50015"}],"curies":[{"name":"wp","href":"https:\/\/api.w.org\/{rel}","templated":true}]}}