{"id":50019,"date":"2026-02-11T13:59:49","date_gmt":"2026-02-11T16:59:49","guid":{"rendered":"http:\/\/jornaldeitaipava.com.br\/?p=50019"},"modified":"2026-02-11T14:00:00","modified_gmt":"2026-02-11T17:00:00","slug":"carnaval-feirinha-de-itaipava-tera-funcionamento-especial-de-12-a-22-de-fevereiro","status":"publish","type":"post","link":"https:\/\/jornaldeitaipava.com.br\/index.php\/2026\/02\/11\/carnaval-feirinha-de-itaipava-tera-funcionamento-especial-de-12-a-22-de-fevereiro\/","title":{"rendered":"Carnaval: Feirinha de Itaipava ter\u00e1 funcionamento especial de 12 a 22 de fevereiro"},"content":{"rendered":"\n<p>O Carnaval tamb\u00e9m pode ser sin\u00f4nimo de passeio, compras e momentos de lazer na serra. Para quem vem a Petr\u00f3polis nesse per\u00edodo, a tradicional Feirinha de Itaipava ter\u00e1 funcionamento especial de 12 a 22 de fevereiro, das 10h \u00e0s 19h.<\/p>\n\n\n\n<p>O polo de moda re\u00fane 390 lojas com op\u00e7\u00f5es em vestu\u00e1rio feminino, masculino e infantil, al\u00e9m de acess\u00f3rios, cal\u00e7ados e diversos outros produtos, atraindo visitantes de diferentes cidades e estados. O espa\u00e7o tamb\u00e9m oferece estacionamento gratuito, garantindo mais comodidade ao p\u00fablico.<\/p>\n\n\n\n<p>Com mais de tr\u00eas d\u00e9cadas de hist\u00f3ria, a Feirinha \u00e9 destino tradicional. Durante o per\u00edodo de Carnaval, a expectativa \u00e9 de que o fluxo de visitantes no local seja ainda maior.<\/p>\n","protected":false},"excerpt":{"rendered":"<p>O Carnaval tamb\u00e9m pode ser sin\u00f4nimo de passeio, compras e momentos de lazer na serra.<\/p>\n","protected":false},"author":1,"featured_media":8442,"comment_status":"closed","ping_status":"open","sticky":false,"template":"","format":"standard","meta":{"spay_email":"","footnotes":"","jetpack_publicize_message":""},"categories":[2],"tags":[],"jetpack_featured_media_url":"https:\/\/i1.wp.com\/jornaldeitaipava.com.br\/wp-content\/uploads\/2021\/01\/FEIRINHA.jpg?fit=518%2C302&ssl=1","jetpack_publicize_connections":[],"jetpack_sharing_enabled":true,"jetpack_likes_enabled":true,"jetpack-related-posts":[],"_links":{"self":[{"href":"https:\/\/jornaldeitaipava.com.br\/index.php\/wp-json\/wp\/v2\/posts\/50019"}],"collection":[{"href":"https:\/\/jornaldeitaipava.com.br\/index.php\/wp-json\/wp\/v2\/posts"}],"about":[{"href":"https:\/\/jornaldeitaipava.com.br\/index.php\/wp-json\/wp\/v2\/types\/post"}],"author":[{"embeddable":true,"href":"https:\/\/jornaldeitaipava.com.br\/index.php\/wp-json\/wp\/v2\/users\/1"}],"replies":[{"embeddable":true,"href":"https:\/\/jornaldeitaipava.com.br\/index.php\/wp-json\/wp\/v2\/comments?post=50019"}],"version-history":[{"count":1,"href":"https:\/\/jornaldeitaipava.com.br\/index.php\/wp-json\/wp\/v2\/posts\/50019\/revisions"}],"predecessor-version":[{"id":50020,"href":"https:\/\/jornaldeitaipava.com.br\/index.php\/wp-json\/wp\/v2\/posts\/50019\/revisions\/50020"}],"wp:featuredmedia":[{"embeddable":true,"href":"https:\/\/jornaldeitaipava.com.br\/index.php\/wp-json\/wp\/v2\/media\/8442"}],"wp:attachment":[{"href":"https:\/\/jornaldeitaipava.com.br\/index.php\/wp-json\/wp\/v2\/media?parent=50019"}],"wp:term":[{"taxonomy":"category","embeddable":true,"href":"https:\/\/jornaldeitaipava.com.br\/index.php\/wp-json\/wp\/v2\/categories?post=50019"},{"taxonomy":"post_tag","embeddable":true,"href":"https:\/\/jornaldeitaipava.com.br\/index.php\/wp-json\/wp\/v2\/tags?post=50019"}],"curies":[{"name":"wp","href":"https:\/\/api.w.org\/{rel}","templated":true}]}}