{"id":50021,"date":"2026-02-11T14:02:15","date_gmt":"2026-02-11T17:02:15","guid":{"rendered":"http:\/\/jornaldeitaipava.com.br\/?p=50021"},"modified":"2026-02-11T14:02:19","modified_gmt":"2026-02-11T17:02:19","slug":"petropolis-foi-selecionada-pela-fiocruz-e-ministerio-das-cidades-para-fazer-parte-da-fase-piloto-do-projeto-dui-rrd-cidades","status":"publish","type":"post","link":"https:\/\/jornaldeitaipava.com.br\/index.php\/2026\/02\/11\/petropolis-foi-selecionada-pela-fiocruz-e-ministerio-das-cidades-para-fazer-parte-da-fase-piloto-do-projeto-dui-rrd-cidades\/","title":{"rendered":"Petr\u00f3polis foi selecionada pela Fiocruz e Minist\u00e9rio das Cidades para fazer parte da fase piloto do projeto DUI-RRD Cidades"},"content":{"rendered":"\n<p class=\"has-text-align-center\"><strong>Seis munic\u00edpios brasileiros dos estados do Rio de Janeiro, Minas Gerais e Bahia foram selecionados<\/strong><\/p>\n\n\n\n<p>Petr\u00f3polis est\u00e1 entre os seis munic\u00edpios brasileiros selecionados pela Fiocruz e o Minist\u00e9rio das Cidades para fazer parte da fase piloto do projeto DUI-RRD Cidades. O projeto tem como objetivo a aplica\u00e7\u00e3o dos princ\u00edpios do Desenvolvimento Urbano Integrado nos territ\u00f3rios, que visa reduzir riscos relacionados a desastres acentuados pela emerg\u00eancia clim\u00e1tica.<\/p>\n\n\n\n<p>\u201cEstamos muito felizes por nosso projeto ser selecionado e podermos avan\u00e7ar nessa parceria com a Fiocruz e o Minist\u00e9rio das Cidades para a\u00e7\u00f5es capazes de dar voz \u00e0s comunidades e transformar e fortalecer a resili\u00eancia da nossa cidade\u201d, disse o prefeito Hingo Hammes.<\/p>\n\n\n\n<p>Para Lu\u00eds Madeira, coordenador do DUI-RRD Cidades, &#8220;a sele\u00e7\u00e3o final reflete, em parte, a complexidade do territ\u00f3rio brasileiro ao apresentar diversidade regional e diferentes tipologias de riscos geo-hidrol\u00f3gicos. Essa pluralidade \u00e9 um fator importante para que o manual t\u00e9cnico \u2014 produto central do projeto \u2014 tenha a abrang\u00eancia necess\u00e1ria para ser reaplicado em qualquer realidade municipal\u201d.<\/p>\n\n\n\n<p>O projeto de Petr\u00f3polis tem o lema &#8220;Pequenas a\u00e7\u00f5es, grandes mudan\u00e7as&#8221;, com a estrat\u00e9gia focada no territ\u00f3rio do Luzitano\/Caxambu. \u201cA ideia \u00e9 que a Defesa Civil atue como ponte com a comunidade para que os di\u00e1logos t\u00e9cnico-comunit\u00e1rios e o protagonismo das lideran\u00e7as locais guiem as interven\u00e7\u00f5es de planejamento urbano e meio ambiente\u201d, explicou o secret\u00e1rio de Prote\u00e7\u00e3o e Defesa Civil, Guilherme Moraes.<\/p>\n\n\n\n<p>A escolha do Caxambu justifica-se pelo alto n\u00edvel de organiza\u00e7\u00e3o do seu N\u00facleo Comunit\u00e1rio de Defesa Civil (Nudec). Os moradores da regi\u00e3o j\u00e1 possuem autonomia para realizar reuni\u00f5es pr\u00f3prias e diagn\u00f3sticos, sendo os principais atores na constru\u00e7\u00e3o do mapa participativo que definiu as interven\u00e7\u00f5es priorit\u00e1rias para enfrentar o hist\u00f3rico de desastres e deslizamentos recorrentes.<\/p>\n\n\n\n<p>Para garantir que o projeto sobreviva \u00e0s gest\u00f5es, Petr\u00f3polis aposta na conjun\u00e7\u00e3o de pol\u00edticas setoriais. O objetivo \u00e9 que as a\u00e7\u00f5es saiam do campo do improviso e entrem formalmente no or\u00e7amento e na rotina das secretarias de Obras, Meio Ambiente e da Companhia Municipal de Desenvolvimento de Petr\u00f3polis (Comdep). O projeto piloto servir\u00e1 como insumo oficial para a revis\u00e3o do Plano Diretor, transformando a escuta da comunidade em uma pol\u00edtica p\u00fablica constante de planejamento urbano integrado.<\/p>\n\n\n\n<p>\u201cA proposta \u2018Petr\u00f3polis Resiliente: Plano Integrado para Redu\u00e7\u00e3o de Riscos Geo-Hidrol\u00f3gicos\u2019 \u00e9 uma iniciativa nova, mas tamb\u00e9m amplia e integra programas j\u00e1 existentes, como o Escola Resiliente e o fortalecimento dos n\u00facleos comunit\u00e1rios de Defesa Civil (Nudecs)\u201d, explicou a ge\u00f3loga da Defesa Civil, Caroline Dutra.<\/p>\n\n\n\n<p>A integrante do n\u00facleo gestor, a diretora de Estrutura\u00e7\u00e3o de Desenvolvimento Urbano e Metropolitano do Minist\u00e9rio das Cidades, Cristiana Scorza, destaca que &#8220;para garantir a m\u00e1xima efetividade, a an\u00e1lise das propostas focou em per\u00edmetros que abrigam infraestruturas urbanas cr\u00edticas e vulner\u00e1veis a desastres geo-hidrol\u00f3gicos\u201d.<\/p>\n\n\n\n<p>Entre mar\u00e7o e outubro, as cidades selecionadas percorrer\u00e3o uma jornada completa \u2014 da governan\u00e7a participativa \u00e0 an\u00e1lise de viabilidade econ\u00f4mica \u2014 para validar a metodologia. A entrega da vers\u00e3o final do manual testado em campo, est\u00e1 marcada para dezembro.<\/p>\n\n\n\n<p>Confira as cidades selecionadas:<br>Belo Horizonte \u2013 MG<br>Nova Friburgo \u2013 RJ<br>Nova Lima \u2013 MG<br>Para\u00edba do Sul \u2013 RJ<br>Petr\u00f3polis \u2013 RJ<br>Sim\u00f5es Filho \u2013 BA<\/p>\n","protected":false},"excerpt":{"rendered":"<p>Seis munic\u00edpios brasileiros dos estados do Rio de Janeiro, Minas Gerais e Bahia foram selecionados<\/p>\n","protected":false},"author":1,"featured_media":45494,"comment_status":"closed","ping_status":"open","sticky":false,"template":"","format":"standard","meta":{"spay_email":"","footnotes":"","jetpack_publicize_message":""},"categories":[24],"tags":[],"jetpack_featured_media_url":"https:\/\/i0.wp.com\/jornaldeitaipava.com.br\/wp-content\/uploads\/2025\/04\/Petropolis-aerea-8.jpg?fit=1366%2C768&ssl=1","jetpack_publicize_connections":[],"jetpack_sharing_enabled":true,"jetpack_likes_enabled":true,"jetpack-related-posts":[],"_links":{"self":[{"href":"https:\/\/jornaldeitaipava.com.br\/index.php\/wp-json\/wp\/v2\/posts\/50021"}],"collection":[{"href":"https:\/\/jornaldeitaipava.com.br\/index.php\/wp-json\/wp\/v2\/posts"}],"about":[{"href":"https:\/\/jornaldeitaipava.com.br\/index.php\/wp-json\/wp\/v2\/types\/post"}],"author":[{"embeddable":true,"href":"https:\/\/jornaldeitaipava.com.br\/index.php\/wp-json\/wp\/v2\/users\/1"}],"replies":[{"embeddable":true,"href":"https:\/\/jornaldeitaipava.com.br\/index.php\/wp-json\/wp\/v2\/comments?post=50021"}],"version-history":[{"count":1,"href":"https:\/\/jornaldeitaipava.com.br\/index.php\/wp-json\/wp\/v2\/posts\/50021\/revisions"}],"predecessor-version":[{"id":50022,"href":"https:\/\/jornaldeitaipava.com.br\/index.php\/wp-json\/wp\/v2\/posts\/50021\/revisions\/50022"}],"wp:featuredmedia":[{"embeddable":true,"href":"https:\/\/jornaldeitaipava.com.br\/index.php\/wp-json\/wp\/v2\/media\/45494"}],"wp:attachment":[{"href":"https:\/\/jornaldeitaipava.com.br\/index.php\/wp-json\/wp\/v2\/media?parent=50021"}],"wp:term":[{"taxonomy":"category","embeddable":true,"href":"https:\/\/jornaldeitaipava.com.br\/index.php\/wp-json\/wp\/v2\/categories?post=50021"},{"taxonomy":"post_tag","embeddable":true,"href":"https:\/\/jornaldeitaipava.com.br\/index.php\/wp-json\/wp\/v2\/tags?post=50021"}],"curies":[{"name":"wp","href":"https:\/\/api.w.org\/{rel}","templated":true}]}}