{"id":50026,"date":"2026-02-13T12:10:56","date_gmt":"2026-02-13T15:10:56","guid":{"rendered":"https:\/\/jornaldeitaipava.com.br\/?p=50026"},"modified":"2026-02-13T12:11:04","modified_gmt":"2026-02-13T15:11:04","slug":"carnaval-em-petropolis-deve-ultrapassar-85-de-ocupacao-hoteleira-e-combinar-descanso-com-programacao-animada","status":"publish","type":"post","link":"https:\/\/jornaldeitaipava.com.br\/index.php\/2026\/02\/13\/carnaval-em-petropolis-deve-ultrapassar-85-de-ocupacao-hoteleira-e-combinar-descanso-com-programacao-animada\/","title":{"rendered":"Carnaval em Petr\u00f3polis deve ultrapassar 85% de ocupa\u00e7\u00e3o hoteleira e combinar descanso com programa\u00e7\u00e3o animada"},"content":{"rendered":"\n<p>Petr\u00f3polis chega ao Carnaval com desempenho positivo na hotelaria e expectativa de crescimento nos pr\u00f3ximos dias. De acordo com o Petr\u00f3polis Convention &amp; Visitors Bureau (PC&amp;VB), a ocupa\u00e7\u00e3o m\u00e9dia j\u00e1 alcan\u00e7a 81% e a proje\u00e7\u00e3o \u00e9 superar 85% ao longo do feriado, impulsionada pela previs\u00e3o de sol e temperaturas em torno de 28 \u00b0C. O cen\u00e1rio clim\u00e1tico favorece o fortalecimento da voca\u00e7\u00e3o da cidade como destino de descanso, com hot\u00e9is e pousadas apostando em experi\u00eancias de relaxamento, contato com a natureza e infraestrutura externa ao bem-estar dos visitantes.<\/p>\n\n\n\n<p>\u201cA hotelaria de Petr\u00f3polis est\u00e1 preparada para receber quem busca desacelerar, aproveitar o clima ameno da serra e viver um Carnaval mais tranquilo, com conforto e servi\u00e7os de qualidade\u201d, destaca o presidente da PC&amp;VB, Fabiano Barros.<\/p>\n\n\n\n<p>Ao mesmo tempo, a cidade tamb\u00e9m oferece alternativas para quem n\u00e3o abre m\u00e3o da anima\u00e7\u00e3o t\u00edpica do per\u00edodo. A programa\u00e7\u00e3o inclui blocos de rua, eventos em shoppings, atra\u00e7\u00f5es musicais e atividades culturais distribu\u00eddas por diferentes pontos do munic\u00edpio, atendendo a p\u00fablicos variados.<\/p>\n\n\n\n<p>&#8220;Esse equil\u00edbrio \u00e9 um dos grandes diferenciais de Petr\u00f3polis. O visitante pode escolher entre o descanso absoluto ou desfrutar da folia em uma escala mais organizada e familiar, sem abrir m\u00e3o da experi\u00eancia tur\u00edstica completa&#8221;, afirma Fabiano Barros.<\/p>\n\n\n\n<p>Petr\u00f3polis possui a maior rede hoteleira da regi\u00e3o serrana com 6,5 mil leitos em 118 meios de hospedagem. Os pacotes e promo\u00e7\u00f5es da rede hoteleira, assim como as op\u00e7\u00f5es de gastronomia dos associados ao PCVB podem ser conferidos em&nbsp;<a href=\"http:\/\/www.sitepetropolis.com\/\" rel=\"noreferrer noopener\" target=\"_blank\">www.sitepetropolis.com<\/a>&nbsp;e ainda no Instagram em @visitepetropolis.<\/p>\n\n\n\n<p><strong>Confira a programa\u00e7\u00e3o da folia:<\/strong><\/p>\n\n\n\n<p><strong>Carnaval da Liberdade<\/strong>O tradicional&nbsp;<\/p>\n\n\n\n<p><strong>Carnaval da Liberdade<\/strong>&nbsp;anima moradores e turistas com quatro dias de folia gratuita no cora\u00e7\u00e3o do Centro Hist\u00f3rico, na Pra\u00e7a da Liberdade. Criado em 2012 pela banda petropolitana&nbsp;<\/p>\n\n\n\n<p><strong>Tribo de Gonzaga<\/strong>&nbsp;, o evento acontece de s\u00e1bado a ter\u00e7a-feira (14 a 17 de fevereiro), com programa\u00e7\u00e3o diurna e noturna voltada para toda a fam\u00edlia.Durante o dia, m\u00fasica mec\u00e2nica e atividades criam um ambiente descontra\u00eddo para ocupar a pra\u00e7a. \u00c0 noite, a Tribo de Gonzaga sobe ao palco todos os dias, sempre \u00e0s 20h.<\/p>\n\n\n\n<p><strong>Quando:<\/strong>&nbsp;14 a 17 de fevereiro<\/p>\n\n\n\n<p><strong>Onde:&nbsp;<\/strong>Pra\u00e7a da Liberdade<\/p>\n\n\n\n<p><strong>Mais informa\u00e7\u00f5es:<\/strong>\u00a0@tribodegonzaga<\/p>\n\n\n\n<p><strong>Folia Imperial<\/strong><\/p>\n\n\n\n<p>O&nbsp;<strong>Pal\u00e1cio de Cristal<\/strong>&nbsp;recebe a&nbsp;<strong>Folia Imperial<\/strong>&nbsp;, com quatro dias de festa gratuita reunindo shows, gastronomia, desfiles, \u00e1rea kids e atra\u00e7\u00f5es para toda a fam\u00edlia. Entre os nomes confirmados est\u00e3o&nbsp;<strong>Arlindinho Cruz<\/strong>&nbsp;,&nbsp;<strong>Renato da Rocinha<\/strong>&nbsp;, al\u00e9m dos grupos&nbsp;<strong>T\u00e1 na Mente<\/strong>&nbsp;e&nbsp;<strong>Puro Pecado<\/strong>&nbsp;.<\/p>\n\n\n\n<p><strong>Datas e hor\u00e1rios:<\/strong><\/p>\n\n\n\n<p>\u2022 De 13\/02 a 17\/02 \u2013 13h \u00e0s 23h<\/p>\n\n\n\n<p><strong>Onde:<\/strong>&nbsp;Pal\u00e1cio de Cristal<\/p>\n\n\n\n<hr class=\"wp-block-separator has-alpha-channel-opacity\"\/>\n\n\n\n<p><strong>Deguste Folia<\/strong><\/p>\n\n\n\n<p>A&nbsp;<strong>Feira Deguste<\/strong>&nbsp;entra no clima do Carnaval com edi\u00e7\u00e3o especial a partir do dia 13 de fevereiro, na Pra\u00e7a da \u00c1guia. A programa\u00e7\u00e3o inclui shows, \u00e1rea kids, lan\u00e7amentos de cervejarias artesanais e op\u00e7\u00f5es gastron\u00f4micas variadas.<\/p>\n\n\n\n<p><strong>Quando:<\/strong>&nbsp;13 a 17 de fevereiro<\/p>\n\n\n\n<p><strong>Onde:&nbsp;<\/strong>Pra\u00e7a da \u00c1guia<\/p>\n\n\n\n<p><strong>Hor\u00e1rios:<\/strong>\u2022 Sexta \u2013 a partir das 18h\u2022 S\u00e1bado a ter\u00e7a \u2013 11h \u00e0s 23h<\/p>\n\n\n\n<p><strong>Mais informa\u00e7\u00f5es:&nbsp;<\/strong>@feiradeguste<\/p>\n\n\n\n<hr class=\"wp-block-separator has-alpha-channel-opacity\"\/>\n\n\n\n<p><strong>Blocos<\/strong><\/p>\n\n\n\n<p>A programa\u00e7\u00e3o de blocos se espalha por diferentes regi\u00f5es da cidade, reunindo estilos, p\u00fablicos e formatos diversos:<\/p>\n\n\n\n<ul>\n<li><strong>Unidos da Oswaldo Cruz<\/strong><\/li>\n<\/ul>\n\n\n\n<p>&nbsp;&nbsp;&nbsp;&nbsp;&nbsp;&nbsp;&nbsp;13\/02 \u00e0s 17h02, das 16h \u00e0s 23h<\/p>\n\n\n\n<p>&nbsp;&nbsp;&nbsp;&nbsp;&nbsp;&nbsp;&nbsp;Valpara\u00edso<\/p>\n\n\n\n<ul>\n<li><strong>Bloco do Jairo<\/strong>13 a 17\/02, 18h \u00e0s 23hMeio da Serra<\/li>\n<\/ul>\n\n\n\n<ul>\n<li><strong>Secos e Molhados<\/strong>13 a 17\/02, 11h \u00e0s 22hPra\u00e7a de Corr\u00eaasMais informa\u00e7\u00f5es: @bloco-secos-molhados<\/li>\n\n\n\n<li><strong>Bloco Vai Quem Quer<\/strong>14\/02 (s\u00e1bado), a partir das 19hCentroMais informa\u00e7\u00f5es: @vai.quemquerpetropolis<\/li>\n\n\n\n<li><strong>Bloco Vai da M<\/strong>14 e 17\/02, \u00e0s 16hPra\u00e7a Paulo Carneiro \u2013 CentroMais informa\u00e7\u00f5es: @blocovaidam<\/li>\n\n\n\n<li><strong>Bloco do Caolho<\/strong>17\/02 (ter\u00e7a), concentra\u00e7\u00e3o \u00e0s 10h30Casar\u00e3o da Cervejaria Odin \u2013 CentroMais informa\u00e7\u00f5es: @casaraodaodin<\/li>\n\n\n\n<li><strong>Bloco da 13<\/strong>16\/02 (segunda), 14h \u00e0s 18hRua 13 de Maio \u2013 CentroMarchinhas ova<\/li>\n\n\n\n<li><strong>Bloco Caminho da Ro\u00e7a<\/strong>15\/02 (domingo), a partir das 16h\ufe0fSambalan\u00e7o e Baque MulherMais informa\u00e7\u00f5es: @institutocaminhodaroca<\/li>\n\n\n\n<li><strong>Banho \u00e0 Fantasia<\/strong>15\/02 (domingo), 14h \u00e0s 18hItamarati<\/li>\n\n\n\n<li><strong>Guerreiros da Vinte<\/strong>15\/02 (domingo), 10h \u00e0s 20hRua 24 de Maio<\/li>\n\n\n\n<li><strong>Pintando a 7<\/strong>15\/02 (domingo), 15h \u00e0s 21hAvenida 7 de Abril<\/li>\n\n\n\n<li><strong>Samba de Feira<\/strong>15\/02 (domingo), 7h \u00e0s 19hAlto da Serra<\/li>\n<\/ul>\n\n\n\n<hr class=\"wp-block-separator has-alpha-channel-opacity\"\/>\n\n\n\n<p><strong>Bairros Pelos<\/strong><\/p>\n\n\n\n<p>Al\u00e9m do Centro, o Carnaval tamb\u00e9m se espalha pelos bairros, com programa\u00e7\u00e3o descentralizada:<\/p>\n\n\n\n<p><strong>\ufe0f<\/strong><\/p>\n\n\n\n<p><strong>15\/02 &#8211;<\/strong>&nbsp;a partir das 16h<\/p>\n\n\n\n<p>Centro de Secret\u00e1rio<\/p>\n\n\n\n<p><strong>Mais informa\u00e7\u00f5es:&nbsp;&nbsp;<\/strong><a href=\"https:\/\/www.instagram.com\/institutocaminhodaroca\/\" rel=\"noreferrer noopener\" target=\"_blank\">@institutocaminhodaroca<\/a><\/p>\n\n\n\n<p><strong>Cremerie (Estrada da Independ\u00eancia)<\/strong>14\/02 \u2013 Matin\u00ea \u2013 16h \u00e0s 23h15\/02 \u2013 Matin\u00ea \u2013 16h \u00e0s 23h<\/p>\n\n\n\n<p><strong>Nogueira (Pra\u00e7a de Nogueira)<\/strong>13 a 17\/02 \u2013 14h \u00e0s 23h<\/p>\n\n\n\n<p>Mais informa\u00e7\u00f5es gerais:&nbsp;<a href=\"http:\/\/www.petropolis.rj.gov.br\/pmp\/\" rel=\"noreferrer noopener\" target=\"_blank\">www.petropolis.rj.gov.br\/pmp\/<\/a><\/p>\n","protected":false},"excerpt":{"rendered":"<p>Petr\u00f3polis chega ao Carnaval com desempenho positivo na hotelaria e expectativa de crescimento nos pr\u00f3ximos<\/p>\n","protected":false},"author":1,"featured_media":50027,"comment_status":"closed","ping_status":"open","sticky":false,"template":"","format":"standard","meta":{"spay_email":"","footnotes":"","jetpack_publicize_message":""},"categories":[24],"tags":[],"jetpack_featured_media_url":"https:\/\/i2.wp.com\/jornaldeitaipava.com.br\/wp-content\/uploads\/2026\/02\/Carnaval-da-LIberdade.jpg?fit=1011%2C506&ssl=1","jetpack_publicize_connections":[],"jetpack_sharing_enabled":true,"jetpack_likes_enabled":true,"jetpack-related-posts":[],"_links":{"self":[{"href":"https:\/\/jornaldeitaipava.com.br\/index.php\/wp-json\/wp\/v2\/posts\/50026"}],"collection":[{"href":"https:\/\/jornaldeitaipava.com.br\/index.php\/wp-json\/wp\/v2\/posts"}],"about":[{"href":"https:\/\/jornaldeitaipava.com.br\/index.php\/wp-json\/wp\/v2\/types\/post"}],"author":[{"embeddable":true,"href":"https:\/\/jornaldeitaipava.com.br\/index.php\/wp-json\/wp\/v2\/users\/1"}],"replies":[{"embeddable":true,"href":"https:\/\/jornaldeitaipava.com.br\/index.php\/wp-json\/wp\/v2\/comments?post=50026"}],"version-history":[{"count":1,"href":"https:\/\/jornaldeitaipava.com.br\/index.php\/wp-json\/wp\/v2\/posts\/50026\/revisions"}],"predecessor-version":[{"id":50028,"href":"https:\/\/jornaldeitaipava.com.br\/index.php\/wp-json\/wp\/v2\/posts\/50026\/revisions\/50028"}],"wp:featuredmedia":[{"embeddable":true,"href":"https:\/\/jornaldeitaipava.com.br\/index.php\/wp-json\/wp\/v2\/media\/50027"}],"wp:attachment":[{"href":"https:\/\/jornaldeitaipava.com.br\/index.php\/wp-json\/wp\/v2\/media?parent=50026"}],"wp:term":[{"taxonomy":"category","embeddable":true,"href":"https:\/\/jornaldeitaipava.com.br\/index.php\/wp-json\/wp\/v2\/categories?post=50026"},{"taxonomy":"post_tag","embeddable":true,"href":"https:\/\/jornaldeitaipava.com.br\/index.php\/wp-json\/wp\/v2\/tags?post=50026"}],"curies":[{"name":"wp","href":"https:\/\/api.w.org\/{rel}","templated":true}]}}