{"id":50029,"date":"2026-02-13T12:15:42","date_gmt":"2026-02-13T15:15:42","guid":{"rendered":"https:\/\/jornaldeitaipava.com.br\/?p=50029"},"modified":"2026-02-13T12:15:47","modified_gmt":"2026-02-13T15:15:47","slug":"museu-imperial-tera-portas-abertas-no-carnaval-apos-mobilizacao-do-trade-turistico","status":"publish","type":"post","link":"https:\/\/jornaldeitaipava.com.br\/index.php\/2026\/02\/13\/museu-imperial-tera-portas-abertas-no-carnaval-apos-mobilizacao-do-trade-turistico\/","title":{"rendered":"Museu Imperial ter\u00e1 portas abertas no Carnaval ap\u00f3s mobiliza\u00e7\u00e3o do trade tur\u00edstico"},"content":{"rendered":"\n<p>Entidades que comp\u00f5e representa\u00e7\u00e3o do trade tur\u00edstico conquistaram nesta quinta-feira (12) um passo importante para o setor no Carnaval: a abertura do Museu Imperial como acontece tradicionalmente. O an\u00fancio de que o principal espa\u00e7o cultura e tur\u00edstico ficaria fechado mobilizou entidades como Petr\u00f3polis Convention &amp; Visitors Bureau, MercoSerra, Sindicato de Hospedagem e Alimentos, Associa\u00e7\u00e3o de Guias de Turismo de Petr\u00f3polis e as secretaria de Turismo e de Cultura, al\u00e9m do Conselho Municipal de Turismo, para que a decis\u00e3o fosse revertida. Uma reuni\u00e3o, alinhada pelo Comtur na manh\u00e3 desta quinta, com representantes das entidades e da prefeitura junto ao diretor do Museu Imperial, Mauricio Ferreira, selou o compromisso de manter as portas do Pal\u00e1cio abertas.<\/p>\n\n\n\n<p>Para o presidente do Petr\u00f3polis Convention &amp; Visitors Bureau, Fabiano Barros, a decis\u00e3o representa uma vit\u00f3ria coletiva do turismo local. \u201cO Museu Imperial \u00e9 um dos grandes pilares da experi\u00eancia tur\u00edstica de Petr\u00f3polis, especialmente em per\u00edodos de alta visita\u00e7\u00e3o como o Carnaval. Manter o equipamento aberto \u00e9 fundamental tanto para o visitante quanto para a economia da cidade\u201d, destacou enfatizando o empenho do Museu para a sua abertura e a garantia da prefeitura para protocolos de seguran\u00e7a que dar\u00e3o ao espa\u00e7o a tranquilidade necess\u00e1ria, uma preocupa\u00e7\u00e3o n\u00e3o apenas do espa\u00e7o cultural, mas tamb\u00e9m de todo o trade que enfatiza a import\u00e2ncia da preserva\u00e7\u00e3o do patrim\u00f4nio cultural.<\/p>\n\n\n\n<p>Segundo ele, a mobiliza\u00e7\u00e3o das entidades e a receptividade do Museu com o pleito demonstra a import\u00e2ncia do di\u00e1logo permanente entre os setores cultural, tur\u00edstico e institucional. \u201cO funcionamento do Museu durante o Carnaval garante previsibilidade ao trade, valoriza o destino e respeita a expectativa de quem escolhe Petr\u00f3polis como roteiro\u201d, completou Fabiano Barros.<\/p>\n\n\n\n<p>O Museu Imperial \u2013 que recebe m\u00e9dia de mais de 350 mil pessoas &#8211;&nbsp;&nbsp;\u00e9 o principal atrativo cultural da cidade e um dos museus mais visitados do pa\u00eds, exercendo papel estrat\u00e9gico na cadeia do turismo local. Sua abertura durante o feriado refor\u00e7a Petr\u00f3polis como destino preparado para receber visitantes, preservando sua hist\u00f3ria, movimentando servi\u00e7os e fortalecendo a imagem da cidade no cen\u00e1rio tur\u00edstico nacional.<\/p>\n","protected":false},"excerpt":{"rendered":"<p>Entidades que comp\u00f5e representa\u00e7\u00e3o do trade tur\u00edstico conquistaram nesta quinta-feira (12) um passo importante para<\/p>\n","protected":false},"author":1,"featured_media":43518,"comment_status":"closed","ping_status":"open","sticky":false,"template":"","format":"standard","meta":{"spay_email":"","footnotes":"","jetpack_publicize_message":""},"categories":[24],"tags":[],"jetpack_featured_media_url":"https:\/\/i1.wp.com\/jornaldeitaipava.com.br\/wp-content\/uploads\/2024\/12\/Turistas-Museu-Imperial.jpeg?fit=977%2C722&ssl=1","jetpack_publicize_connections":[],"jetpack_sharing_enabled":true,"jetpack_likes_enabled":true,"jetpack-related-posts":[],"_links":{"self":[{"href":"https:\/\/jornaldeitaipava.com.br\/index.php\/wp-json\/wp\/v2\/posts\/50029"}],"collection":[{"href":"https:\/\/jornaldeitaipava.com.br\/index.php\/wp-json\/wp\/v2\/posts"}],"about":[{"href":"https:\/\/jornaldeitaipava.com.br\/index.php\/wp-json\/wp\/v2\/types\/post"}],"author":[{"embeddable":true,"href":"https:\/\/jornaldeitaipava.com.br\/index.php\/wp-json\/wp\/v2\/users\/1"}],"replies":[{"embeddable":true,"href":"https:\/\/jornaldeitaipava.com.br\/index.php\/wp-json\/wp\/v2\/comments?post=50029"}],"version-history":[{"count":1,"href":"https:\/\/jornaldeitaipava.com.br\/index.php\/wp-json\/wp\/v2\/posts\/50029\/revisions"}],"predecessor-version":[{"id":50030,"href":"https:\/\/jornaldeitaipava.com.br\/index.php\/wp-json\/wp\/v2\/posts\/50029\/revisions\/50030"}],"wp:featuredmedia":[{"embeddable":true,"href":"https:\/\/jornaldeitaipava.com.br\/index.php\/wp-json\/wp\/v2\/media\/43518"}],"wp:attachment":[{"href":"https:\/\/jornaldeitaipava.com.br\/index.php\/wp-json\/wp\/v2\/media?parent=50029"}],"wp:term":[{"taxonomy":"category","embeddable":true,"href":"https:\/\/jornaldeitaipava.com.br\/index.php\/wp-json\/wp\/v2\/categories?post=50029"},{"taxonomy":"post_tag","embeddable":true,"href":"https:\/\/jornaldeitaipava.com.br\/index.php\/wp-json\/wp\/v2\/tags?post=50029"}],"curies":[{"name":"wp","href":"https:\/\/api.w.org\/{rel}","templated":true}]}}