{"id":50031,"date":"2026-02-13T12:18:31","date_gmt":"2026-02-13T15:18:31","guid":{"rendered":"https:\/\/jornaldeitaipava.com.br\/?p=50031"},"modified":"2026-02-13T12:18:35","modified_gmt":"2026-02-13T15:18:35","slug":"detro-rj-inicia-operacao-carnaval-2026-com-acoes-nos-principais-terminais-rodoviarios-do-estado","status":"publish","type":"post","link":"https:\/\/jornaldeitaipava.com.br\/index.php\/2026\/02\/13\/detro-rj-inicia-operacao-carnaval-2026-com-acoes-nos-principais-terminais-rodoviarios-do-estado\/","title":{"rendered":"Detro\/RJ inicia \u2018Opera\u00e7\u00e3o Carnaval 2026\u2019 \u00a0com a\u00e7\u00f5es nos principais terminais rodovi\u00e1rios do Estado"},"content":{"rendered":"\n<p class=\"has-text-align-center\"><em><strong>Primeiro dia contabilizou dez autua\u00e7\u00f5es aplicadas; refor\u00e7o especial vai at\u00e9 a segunda p\u00f3s-carnaval (20\/02)<\/strong><\/em><\/p>\n\n\n\n<p>O Departamento de Transportes Rodovi\u00e1rios do Estado do Rio de Janeiro (Detro\/RJ) iniciou, nesta quinta-feira (12\/02), uma s\u00e9rie de a\u00e7\u00f5es para garantir a qualidade e a seguran\u00e7a no transporte intermunicipal fluminense durante a festa mais famosa do mundo. A &#8220;Opera\u00e7\u00e3o Carnaval 2026&#8221; levar\u00e1 fiscais em um refor\u00e7o especial de uma semana aos principais terminais rodovi\u00e1rios e pontos do Estado, verificando condi\u00e7\u00f5es de seguran\u00e7a, acessibilidade e conserva\u00e7\u00e3o, al\u00e9m da repress\u00e3o \u00e0 pratica de transporte ilegal. Somente neste primeiro dia de trabalho, dez autua\u00e7\u00f5es foram emitidas.<\/p>\n\n\n\n<p>O esfor\u00e7o contar\u00e1 com a\u00e7\u00f5es fixas em terminais rodovi\u00e1rios fluminenses e fiscaliza\u00e7\u00f5es volantes em pontos de grande fluxo vi\u00e1rio intermunicipal e tur\u00edstico do Estado. As a\u00e7\u00f5es se iniciaram j\u00e1 nesta manh\u00e3, com refor\u00e7o na Rodovi\u00e1ria do Rio, Roberto Silveira e Jo\u00e3o Goulart (Niter\u00f3i), Nova Igua\u00e7u, Itagua\u00ed, Prefeito Francisco Torres (Volta Redonda), Alexis Novelino (Cabo Frio) e Leonel Brizola (Petr\u00f3polis); e seguem at\u00e9 a sexta p\u00f3s-carnaval (20\/02), com fiscaliza\u00e7\u00e3o volante ao longo dos dias.<\/p>\n\n\n\n<p>At\u00e9 o momento, quase 100 ve\u00edculos j\u00e1 foram abordados e fiscalizados, resultando na aplica\u00e7\u00e3o de dez autos de infra\u00e7\u00e3o. Um ve\u00edculo que realizava transporte ilegal tamb\u00e9m foi parado e autuado pelo departamento.<\/p>\n\n\n\n<p>\u201cO Carnaval \u00e9 um dos momentos de maior movimenta\u00e7\u00e3o no transporte intermunicipal. Por isso nosso objetivo \u00e9 assegurar que o sistema regular e complementar estejam em plenas condi\u00e7\u00f5es, com equipamentos funcionando, acessibilidade e manuten\u00e7\u00e3o em dia. Transporte \u00e9 um direito constitucional, e o Detro\/RJ est\u00e1 aqui para garantir que ele seja seguro, eficiente e de qualidade para todos&#8221;, afirmou o presidente do Detro\/RJ, Raphael Salgado. &nbsp;<\/p>\n\n\n\n<p>O diretor t\u00e9cnico-operacional do Detro\/RJ, Danilo Menezes, tamb\u00e9m destacou que a atua\u00e7\u00e3o ser\u00e1 intensificada nos arredores do Samb\u00f3dromo durante os dias de desfile.<\/p>\n\n\n\n<p>\u201cNos dias de folia na Sapuca\u00ed, nossas equipes estar\u00e3o posicionadas nos acessos e no entorno do Samb\u00f3dromo para fiscalizar a atua\u00e7\u00e3o de ve\u00edculos clandestinos e acompanhar a opera\u00e7\u00e3o das linhas intermunicipais. O transporte ilegal coloca em risco a vida dos passageiros e at\u00e9 de condutores. Assim sendo, a presen\u00e7a do Detro\/RJ ser\u00e1 permanente, assegurando organiza\u00e7\u00e3o e seguran\u00e7a nessa grande festa&#8221;, completou.<\/p>\n\n\n\n<p>O usu\u00e1rio de transporte intermunicipal fluminense pode e deve denunciar irregularidades no sistema integrado de ouvidorias do estado, o OuvERJ. Basta acessar o portal pelo link&nbsp;<a href=\"https:\/\/www.rj.gov.br\/ouverj\/\" target=\"_blank\" rel=\"noreferrer noopener\">https:\/\/www.rj.gov.br\/ouverj\/<\/a>. As manifesta\u00e7\u00f5es ajudam a direcionar a\u00e7\u00f5es de fiscaliza\u00e7\u00e3o e contribuem para um transporte intermunicipal mais eficiente e acess\u00edvel para todos os passageiros.<\/p>\n","protected":false},"excerpt":{"rendered":"<p>Primeiro dia contabilizou dez autua\u00e7\u00f5es aplicadas; refor\u00e7o especial vai at\u00e9 a segunda p\u00f3s-carnaval (20\/02) O<\/p>\n","protected":false},"author":1,"featured_media":50032,"comment_status":"closed","ping_status":"open","sticky":false,"template":"","format":"standard","meta":{"spay_email":"","footnotes":"","jetpack_publicize_message":""},"categories":[2],"tags":[],"jetpack_featured_media_url":"https:\/\/i1.wp.com\/jornaldeitaipava.com.br\/wp-content\/uploads\/2026\/02\/7.jpeg?fit=1600%2C1200&ssl=1","jetpack_publicize_connections":[],"jetpack_sharing_enabled":true,"jetpack_likes_enabled":true,"jetpack-related-posts":[],"_links":{"self":[{"href":"https:\/\/jornaldeitaipava.com.br\/index.php\/wp-json\/wp\/v2\/posts\/50031"}],"collection":[{"href":"https:\/\/jornaldeitaipava.com.br\/index.php\/wp-json\/wp\/v2\/posts"}],"about":[{"href":"https:\/\/jornaldeitaipava.com.br\/index.php\/wp-json\/wp\/v2\/types\/post"}],"author":[{"embeddable":true,"href":"https:\/\/jornaldeitaipava.com.br\/index.php\/wp-json\/wp\/v2\/users\/1"}],"replies":[{"embeddable":true,"href":"https:\/\/jornaldeitaipava.com.br\/index.php\/wp-json\/wp\/v2\/comments?post=50031"}],"version-history":[{"count":1,"href":"https:\/\/jornaldeitaipava.com.br\/index.php\/wp-json\/wp\/v2\/posts\/50031\/revisions"}],"predecessor-version":[{"id":50033,"href":"https:\/\/jornaldeitaipava.com.br\/index.php\/wp-json\/wp\/v2\/posts\/50031\/revisions\/50033"}],"wp:featuredmedia":[{"embeddable":true,"href":"https:\/\/jornaldeitaipava.com.br\/index.php\/wp-json\/wp\/v2\/media\/50032"}],"wp:attachment":[{"href":"https:\/\/jornaldeitaipava.com.br\/index.php\/wp-json\/wp\/v2\/media?parent=50031"}],"wp:term":[{"taxonomy":"category","embeddable":true,"href":"https:\/\/jornaldeitaipava.com.br\/index.php\/wp-json\/wp\/v2\/categories?post=50031"},{"taxonomy":"post_tag","embeddable":true,"href":"https:\/\/jornaldeitaipava.com.br\/index.php\/wp-json\/wp\/v2\/tags?post=50031"}],"curies":[{"name":"wp","href":"https:\/\/api.w.org\/{rel}","templated":true}]}}