{"id":50034,"date":"2026-02-13T12:19:42","date_gmt":"2026-02-13T15:19:42","guid":{"rendered":"https:\/\/jornaldeitaipava.com.br\/?p=50034"},"modified":"2026-02-13T12:19:46","modified_gmt":"2026-02-13T15:19:46","slug":"firjan-senai-tem-270-vagas-gratuitas-em-cursos-de-qualificacao-entre-fevereiro-e-abril-em-petropolis","status":"publish","type":"post","link":"https:\/\/jornaldeitaipava.com.br\/index.php\/2026\/02\/13\/firjan-senai-tem-270-vagas-gratuitas-em-cursos-de-qualificacao-entre-fevereiro-e-abril-em-petropolis\/","title":{"rendered":"Firjan SENAI tem 270 vagas gratuitas em cursos de qualifica\u00e7\u00e3o entre fevereiro e abril em Petr\u00f3polis"},"content":{"rendered":"\n<p><strong><em>As oportunidades est\u00e3o dispon\u00edveis na unidade do Bingen. As inscri\u00e7\u00f5es j\u00e1 est\u00e3o abertas e devem ser feitas presencialmente.<\/em><\/strong><\/p>\n\n\n\n<p>A&nbsp;<strong>Firjan SENAI<\/strong>&nbsp;est\u00e1 com inscri\u00e7\u00f5es abertas para&nbsp;<strong>270 vagas gratuitas em cursos de qualifica\u00e7\u00e3o profissional<\/strong>&nbsp;em&nbsp;<strong>Petr\u00f3polis<\/strong>, com in\u00edcio previsto entre&nbsp;<strong>fevereiro e abril de 2026<\/strong>, a depender de cada turma. As oportunidades s\u00e3o para as turmas de:&nbsp;<strong>Mec\u00e2nico de Manuten\u00e7\u00e3o; Programador Front-End; Modelista; Confeccionador de Bolsas em Tecido; Eletricista Industrial; Operador de Sistemas Computacionais em Rede; Programador Back-End; Padeiro; Auxiliar de Padaria e Confeitaria; Almoxarife; Instalador de Sistemas Drywall.&nbsp;<\/strong>As inscri\u00e7\u00f5es j\u00e1 est\u00e3o abertas e devem ser feitas presencialmente na unidade&nbsp;<em>(Rua Bingen, 130 \u2013 Bingen).<\/em>&nbsp; As mesmas ser\u00e3o encerradas automaticamente para cada oferta assim que o n\u00famero de inscritos atingir o limite de vagas.&nbsp;<a href=\"https:\/\/firjansenai.com.br\/editaisgratuitos\" target=\"_blank\" rel=\"noreferrer noopener\">Os detalhes est\u00e3o dispon\u00edveis no edital neste link.<\/a><\/p>\n\n\n\n<p><strong>Pr\u00e9-requisitos e inscri\u00e7\u00f5es<\/strong><\/p>\n\n\n\n<p>Para participar, os candidatos devem preencher os pr\u00e9-requisitos espec\u00edficos dos cursos desejados, incluindo idade e escolaridade, al\u00e9m de renda familiar mensal per capita bruta de at\u00e9 1,5 sal\u00e1rio-m\u00ednimo federal, comprovada por meio de uma autodeclara\u00e7\u00e3o. \u00c9 fundamental tamb\u00e9m ter acesso a um computador ou notebook, j\u00e1 que parte dos cursos ser\u00e1 realizada de forma on-line, seguindo a estrat\u00e9gia EAD.<\/p>\n\n\n\n<p><strong>Escrit\u00f3rio de Carreira<\/strong><\/p>\n\n\n\n<p>Os alunos ainda contam com o&nbsp;<a href=\"https:\/\/firjan.com.br\/noticias\/escritorio-de-carreira-firjan-senai-sesi-8AE4828D98619B130199730494C24A56-00.htm?&amp;IdEditoriaPrincipal=4028818B46DE6FAB0146DEB2D2623BE2\" target=\"_blank\" rel=\"noreferrer noopener\">\u201cEscrit\u00f3rio de Carreira\u201d, da Firjan SENAI SESI<\/a>, que vai conectar, de forma personalizada, os estudantes \u00e0s oportunidades de emprego na ind\u00fastria \u2013 que tem o maior sal\u00e1rio de admiss\u00e3o entre todos os setores da economia, segundo pesquisa da Firjan.<\/p>\n\n\n\n<p>O \u201cEscrit\u00f3rio de Carreira\u201d oferece trilhas de forma\u00e7\u00e3o para o mercado de trabalho, mentorias, workshops e um sistema de&nbsp;<em>matchmaking<\/em>&nbsp;\u2013 o \u201cConex\u00e3o Vagas\u201d, que combina e conecta perfis de alunos \u00e0s demandas das empresas. Os alunos devem procurar a pr\u00f3pria unidade onde est\u00e3o matriculadas para participar das atividades.<\/p>\n","protected":false},"excerpt":{"rendered":"<p>As oportunidades est\u00e3o dispon\u00edveis na unidade do Bingen. As inscri\u00e7\u00f5es j\u00e1 est\u00e3o abertas e devem<\/p>\n","protected":false},"author":1,"featured_media":4434,"comment_status":"closed","ping_status":"open","sticky":false,"template":"","format":"standard","meta":{"spay_email":"","footnotes":"","jetpack_publicize_message":""},"categories":[9],"tags":[],"jetpack_featured_media_url":"https:\/\/i0.wp.com\/jornaldeitaipava.com.br\/wp-content\/uploads\/2020\/11\/SENAI-TECNICOS.jpg?fit=964%2C540&ssl=1","jetpack_publicize_connections":[],"jetpack_sharing_enabled":true,"jetpack_likes_enabled":true,"jetpack-related-posts":[],"_links":{"self":[{"href":"https:\/\/jornaldeitaipava.com.br\/index.php\/wp-json\/wp\/v2\/posts\/50034"}],"collection":[{"href":"https:\/\/jornaldeitaipava.com.br\/index.php\/wp-json\/wp\/v2\/posts"}],"about":[{"href":"https:\/\/jornaldeitaipava.com.br\/index.php\/wp-json\/wp\/v2\/types\/post"}],"author":[{"embeddable":true,"href":"https:\/\/jornaldeitaipava.com.br\/index.php\/wp-json\/wp\/v2\/users\/1"}],"replies":[{"embeddable":true,"href":"https:\/\/jornaldeitaipava.com.br\/index.php\/wp-json\/wp\/v2\/comments?post=50034"}],"version-history":[{"count":1,"href":"https:\/\/jornaldeitaipava.com.br\/index.php\/wp-json\/wp\/v2\/posts\/50034\/revisions"}],"predecessor-version":[{"id":50035,"href":"https:\/\/jornaldeitaipava.com.br\/index.php\/wp-json\/wp\/v2\/posts\/50034\/revisions\/50035"}],"wp:featuredmedia":[{"embeddable":true,"href":"https:\/\/jornaldeitaipava.com.br\/index.php\/wp-json\/wp\/v2\/media\/4434"}],"wp:attachment":[{"href":"https:\/\/jornaldeitaipava.com.br\/index.php\/wp-json\/wp\/v2\/media?parent=50034"}],"wp:term":[{"taxonomy":"category","embeddable":true,"href":"https:\/\/jornaldeitaipava.com.br\/index.php\/wp-json\/wp\/v2\/categories?post=50034"},{"taxonomy":"post_tag","embeddable":true,"href":"https:\/\/jornaldeitaipava.com.br\/index.php\/wp-json\/wp\/v2\/tags?post=50034"}],"curies":[{"name":"wp","href":"https:\/\/api.w.org\/{rel}","templated":true}]}}