{"id":50042,"date":"2026-02-13T12:57:19","date_gmt":"2026-02-13T15:57:19","guid":{"rendered":"https:\/\/jornaldeitaipava.com.br\/?p=50042"},"modified":"2026-02-13T12:57:23","modified_gmt":"2026-02-13T15:57:23","slug":"apos-o-carnaval-soberano-jazz-club-retoma-agenda-com-grandes-nomes-da-musica-brasileira","status":"publish","type":"post","link":"https:\/\/jornaldeitaipava.com.br\/index.php\/2026\/02\/13\/apos-o-carnaval-soberano-jazz-club-retoma-agenda-com-grandes-nomes-da-musica-brasileira\/","title":{"rendered":"Ap\u00f3s o Carnaval, Soberano Jazz Club retoma agenda com grandes nomes da m\u00fasica brasileira"},"content":{"rendered":"\n<p class=\"has-text-align-center\"><strong>Espa\u00e7o cultural em Itaipava reabre as portas no dia 19 de fevereiro com MPB, Jazz Contempor\u00e2neo e Rock Nacional<\/strong><\/p>\n\n\n\n<p>O Soberano Jazz Club, reconhecido espa\u00e7o cultural no burburinho de Itaipava (RJ), far\u00e1 uma pausa em suas atividades durante o per\u00edodo oficial de Carnaval. No entanto, o hiato ser\u00e1 breve: a partir da pr\u00f3xima quinta-feira, 19 de fevereiro, a casa reabre suas portas com uma programa\u00e7\u00e3o que une m\u00fasica de alt\u00edssimo n\u00edvel, gastronomia e coquetelaria autoral.<\/p>\n\n\n\n<p>Localizado no complexo Esta\u00e7\u00e3o Locanda, o Soberano, como seus pr\u00f3prios idealizadores Raquel e S\u00e9rgio Saraceni definem, \u201c\u00e9 um movimento de reconstru\u00e7\u00e3o e amor \u00e0s artes\u201d, oferecendo um ambiente charmoso e seguro no melhor ponto de Itaipava. A agenda de retomada p\u00f3s-folia reflete essa excel\u00eancia.<\/p>\n\n\n\n<p><strong>Agenda de shows<\/strong><\/p>\n\n\n\n<p><strong>Quinta-feira (19\/02), \u00e0s 20h \u2013 Laura de Oliveira em &#8220;Confiss\u00f5es de um Canto&#8221;<br><\/strong>Com o talento no DNA, Laura de Oliveira, neta de Domingos Oliveira e filha de Maria Mariana, apresenta um espet\u00e1culo que transborda sensibilidade. Em formato voz e viol\u00e3o, Laura sobe ao palco ao lado de Jo\u00e3o S\u00f3, m\u00fasico violonista de grande talento e desenvoltura. Juntos, criam um encontro musical \u00edntimo e emocionante, interpretando cl\u00e1ssicos da MPB, Bossa Nova e repert\u00f3rio internacional. O show \u00e9 um convite para ouvir com calma e desacelerar, entre can\u00e7\u00f5es autorais e interpreta\u00e7\u00f5es originais que atravessam gera\u00e7\u00f5es. Acompanhe Laura nas redes. Ingressos no Sympla. <\/p>\n\n\n\n<p><strong>Sexta-feira (20\/02), \u00e0s 21h \u2013 Joabe Reis apresenta &#8220;Drive Slow&#8221;<br><\/strong>Um dos principais nomes do jazz contempor\u00e2neo brasileiro, o trombonista Joabe Reis traz ao Soberano o show de lan\u00e7amento de seu mais novo \u00e1lbum, Drive Slow. Para esta noite especial de sua turn\u00ea nacional e internacional, Joabe sobe ao palco acompanhado por um quinteto de m\u00fasicos consagrados e reverenciados na cena instrumental: Josu\u00e9 Lopez (sax), Bruno Santos (trompete), Frederico Heliodoro (baixo), Williams Mello (bateria) e Marcos Tavares (teclados). O espet\u00e1culo funde jazz, hip-hop e neo soul, reafirmando o prest\u00edgio que j\u00e1 esgotou casas como o Ronnie Scott\u2019s (Londres) e o Sesc Pinheiros (SP), no final de janeiro. Acompanhe Joabe nas redes. Ingressos no Sympla. <\/p>\n\n\n\n<p><strong>S\u00e1bado (21\/02), \u00e0s 21h \u2013 Capital El\u00e9trico &#8211; Festa do Rock Brasileiro<br><\/strong>O s\u00e1bado ser\u00e1 dedicado \u00e0 energia do rock nacional com o Capital El\u00e9trico, o tributo mais representativo do pa\u00eds. Formado por m\u00fasicos consagrados que fizeram parte da hist\u00f3ria do pop\/rock \u2014 com passagens por bandas como Kid Abelha e turn\u00eas do Capital Inicial \u2014, o grupo celebra os grandes hits de Dinho Ouro Preto e cl\u00e1ssicos absolutos do Rock Brasil, garantindo uma noite vibrante e nost\u00e1lgica. Acompanhe Capital El\u00e9trico nas redes. <\/p>\n\n\n\n<p><strong>Experi\u00eancia al\u00e9m do palco<\/strong><\/p>\n\n\n\n<p>O p\u00fablico \u00e9 convidado a chegar sempre mais cedo para aproveitar a experi\u00eancia completa e o happy hour incr\u00edvel que o espa\u00e7o oferece:<\/p>\n\n\n\n<p>Gastronomia e adega: o Radam\u00e9s Bistr\u00f4 inicia o servi\u00e7o de jantar \u00e0s 18h, com pratos inovadores e carta de vinhos selecionados para paladares exigentes.<br>Happy Hour: das 17h \u00e0s 20h, com dose dupla em bebidas selecionadas da semana e 20% de desconto na carta de petiscos. Vale lembrar que o Soberano conta com o melhor bar da cidade, aberto de 17h \u00e0 1h da manh\u00e3, de quinta a s\u00e1bado<br>Espa\u00e7o Havana: Uma varanda externa elegante e confort\u00e1vel dedicada a fumantes e apreciadores de charutos.<\/p>\n\n\n\n<p><strong>SERVI\u00c7O<br><\/strong>Local: Soberano Jazz Club (Esta\u00e7\u00e3o Locanda)<br>Endere\u00e7o: Estrada Uni\u00e3o e Ind\u00fastria, 11.000 \u2013 Itaipava, Petr\u00f3polis \u2013 RJ<br>Hor\u00e1rios: Casa aberta \u00e0s 18h | Shows 2Oh ou 21h.<br>Ingressos: Sympla ou bilheteria do local, nos dias de shows.<br>Tarifas: Valores promocionais para moradores do RJ e Juiz de Fora (mediante comprovante)<br>WhatsApp: (24) 2237-6339<br>Classifica\u00e7\u00e3o: 18 anos<\/p>\n","protected":false},"excerpt":{"rendered":"<p>Espa\u00e7o cultural em Itaipava reabre as portas no dia 19 de fevereiro com MPB, Jazz<\/p>\n","protected":false},"author":1,"featured_media":50043,"comment_status":"closed","ping_status":"open","sticky":false,"template":"","format":"standard","meta":{"spay_email":"","footnotes":"","jetpack_publicize_message":""},"categories":[1],"tags":[],"jetpack_featured_media_url":"https:\/\/i0.wp.com\/jornaldeitaipava.com.br\/wp-content\/uploads\/2026\/02\/WhatsApp-Image-2026-02-12-at-11.11.16.jpeg?fit=468%2C306&ssl=1","jetpack_publicize_connections":[],"jetpack_sharing_enabled":true,"jetpack_likes_enabled":true,"jetpack-related-posts":[],"_links":{"self":[{"href":"https:\/\/jornaldeitaipava.com.br\/index.php\/wp-json\/wp\/v2\/posts\/50042"}],"collection":[{"href":"https:\/\/jornaldeitaipava.com.br\/index.php\/wp-json\/wp\/v2\/posts"}],"about":[{"href":"https:\/\/jornaldeitaipava.com.br\/index.php\/wp-json\/wp\/v2\/types\/post"}],"author":[{"embeddable":true,"href":"https:\/\/jornaldeitaipava.com.br\/index.php\/wp-json\/wp\/v2\/users\/1"}],"replies":[{"embeddable":true,"href":"https:\/\/jornaldeitaipava.com.br\/index.php\/wp-json\/wp\/v2\/comments?post=50042"}],"version-history":[{"count":1,"href":"https:\/\/jornaldeitaipava.com.br\/index.php\/wp-json\/wp\/v2\/posts\/50042\/revisions"}],"predecessor-version":[{"id":50044,"href":"https:\/\/jornaldeitaipava.com.br\/index.php\/wp-json\/wp\/v2\/posts\/50042\/revisions\/50044"}],"wp:featuredmedia":[{"embeddable":true,"href":"https:\/\/jornaldeitaipava.com.br\/index.php\/wp-json\/wp\/v2\/media\/50043"}],"wp:attachment":[{"href":"https:\/\/jornaldeitaipava.com.br\/index.php\/wp-json\/wp\/v2\/media?parent=50042"}],"wp:term":[{"taxonomy":"category","embeddable":true,"href":"https:\/\/jornaldeitaipava.com.br\/index.php\/wp-json\/wp\/v2\/categories?post=50042"},{"taxonomy":"post_tag","embeddable":true,"href":"https:\/\/jornaldeitaipava.com.br\/index.php\/wp-json\/wp\/v2\/tags?post=50042"}],"curies":[{"name":"wp","href":"https:\/\/api.w.org\/{rel}","templated":true}]}}