{"id":50045,"date":"2026-02-13T12:58:34","date_gmt":"2026-02-13T15:58:34","guid":{"rendered":"https:\/\/jornaldeitaipava.com.br\/?p=50045"},"modified":"2026-02-13T12:58:38","modified_gmt":"2026-02-13T15:58:38","slug":"prefeitura-monta-esquema-especial-de-transito-para-garantir-seguranca-e-mobilidade-durante-o-carnaval","status":"publish","type":"post","link":"https:\/\/jornaldeitaipava.com.br\/index.php\/2026\/02\/13\/prefeitura-monta-esquema-especial-de-transito-para-garantir-seguranca-e-mobilidade-durante-o-carnaval\/","title":{"rendered":"Prefeitura monta esquema especial de tr\u00e2nsito para garantir seguran\u00e7a e mobilidade durante o Carnaval"},"content":{"rendered":"\n<p class=\"has-text-align-center\"><strong>Agentes da CPTrans atuar\u00e3o em diversos pontos da cidade com a\u00e7\u00f5es voltadas para a seguran\u00e7a vi\u00e1ria.<\/strong><\/p>\n\n\n\n<p>A Prefeitura, por meio da Companhia Petropolitana de Tr\u00e2nsito e Transportes (CPTrans), preparou um planejamento especial para o per\u00edodo de Carnaval, entre os dias 13 e 18 de fevereiro, com a\u00e7\u00f5es voltadas para a seguran\u00e7a vi\u00e1ria, organiza\u00e7\u00e3o dos desfiles dos blocos e garantia da mobilidade urbana. As equipes estar\u00e3o distribu\u00eddas em v\u00e1rios pontos da cidade.<\/p>\n\n\n\n<p>A Companhia ir\u00e1 refor\u00e7ar a sinaliza\u00e7\u00e3o, implanta\u00e7\u00e3o de \u00e1reas com proibi\u00e7\u00e3o de estacionamento e presen\u00e7a de agentes para disciplinar o fluxo de ve\u00edculos e a circula\u00e7\u00e3o de pedestres no entorno das pra\u00e7as de Corr\u00eaas, Nogueira e Alto da Serra.<\/p>\n\n\n\n<p>Haver\u00e1 bloqueios tempor\u00e1rios no tr\u00e2nsito de ve\u00edculos para o desfile do Col\u00e9gio Castelo Encantado, na Rua Visconde de Taunay, na sexta-feira (13), em Corr\u00eaas; para o mini desfile da GRES Imp\u00e9rio de Petr\u00f3polis na Rua do Imperador tamb\u00e9m na sexta e para a apresenta\u00e7\u00e3o do GRBC Vai Quem Quer no s\u00e1bado (14).<\/p>\n\n\n\n<p>Em Secret\u00e1rio, a partir de s\u00e1bado, haver\u00e1 fechamento de travessa nas proximidades da Pra\u00e7a da Feira.<\/p>\n\n\n\n<p>No domingo (15), o desfile do G.R.B.C Guerreiros da Vinte provocar\u00e1 altera\u00e7\u00e3o no ponto final dos \u00f4nibus da Rua 24 de Maio, que ser\u00e1 transferido temporariamente para a entrada da Rua Nova. Ap\u00f3s a apresenta\u00e7\u00e3o, o ponto de \u00f4nibus retorna ao local habitual.<\/p>\n\n\n\n<p>Na ter\u00e7a-feira haver\u00e1 implanta\u00e7\u00e3o de m\u00e3o dupla em trechos da Rua Vig\u00e1rio Corr\u00eaa e da Rua Princesa Dona Paula, al\u00e9m do fechamento do contorno da pra\u00e7a e restri\u00e7\u00f5es de estacionamento em todo o entorno para o desfile do bloco Secos e Molhados.<\/p>\n\n\n\n<p>&#8220;Nosso objetivo \u00e9 garantir que os eventos aconte\u00e7am com seguran\u00e7a para os foli\u00f5es e, ao mesmo tempo, reduzir ao m\u00e1ximo os impactos para quem precisa circular pela cidade. Teremos agentes em campo durante todos os dias, monitorando e orientando motoristas e pedestres&#8221;, disse o presidente da CPTrans, Luciano Moreira.<\/p>\n\n\n\n<p>A CPTrans recomenda que a popula\u00e7\u00e3o fique atenta \u00e0 sinaliza\u00e7\u00e3o provis\u00f3ria, utilize rotas alternativas sempre que poss\u00edvel e priorize o transporte p\u00fablico ou meios compartilhados para chegar aos locais de maior movimenta\u00e7\u00e3o.<\/p>\n","protected":false},"excerpt":{"rendered":"<p>Agentes da CPTrans atuar\u00e3o em diversos pontos da cidade com a\u00e7\u00f5es voltadas para a seguran\u00e7a<\/p>\n","protected":false},"author":1,"featured_media":31448,"comment_status":"closed","ping_status":"open","sticky":false,"template":"","format":"standard","meta":{"spay_email":"","footnotes":"","jetpack_publicize_message":""},"categories":[2],"tags":[],"jetpack_featured_media_url":"https:\/\/i0.wp.com\/jornaldeitaipava.com.br\/wp-content\/uploads\/2022\/10\/centro-cidade.png?fit=934%2C595&ssl=1","jetpack_publicize_connections":[],"jetpack_sharing_enabled":true,"jetpack_likes_enabled":true,"jetpack-related-posts":[],"_links":{"self":[{"href":"https:\/\/jornaldeitaipava.com.br\/index.php\/wp-json\/wp\/v2\/posts\/50045"}],"collection":[{"href":"https:\/\/jornaldeitaipava.com.br\/index.php\/wp-json\/wp\/v2\/posts"}],"about":[{"href":"https:\/\/jornaldeitaipava.com.br\/index.php\/wp-json\/wp\/v2\/types\/post"}],"author":[{"embeddable":true,"href":"https:\/\/jornaldeitaipava.com.br\/index.php\/wp-json\/wp\/v2\/users\/1"}],"replies":[{"embeddable":true,"href":"https:\/\/jornaldeitaipava.com.br\/index.php\/wp-json\/wp\/v2\/comments?post=50045"}],"version-history":[{"count":1,"href":"https:\/\/jornaldeitaipava.com.br\/index.php\/wp-json\/wp\/v2\/posts\/50045\/revisions"}],"predecessor-version":[{"id":50046,"href":"https:\/\/jornaldeitaipava.com.br\/index.php\/wp-json\/wp\/v2\/posts\/50045\/revisions\/50046"}],"wp:featuredmedia":[{"embeddable":true,"href":"https:\/\/jornaldeitaipava.com.br\/index.php\/wp-json\/wp\/v2\/media\/31448"}],"wp:attachment":[{"href":"https:\/\/jornaldeitaipava.com.br\/index.php\/wp-json\/wp\/v2\/media?parent=50045"}],"wp:term":[{"taxonomy":"category","embeddable":true,"href":"https:\/\/jornaldeitaipava.com.br\/index.php\/wp-json\/wp\/v2\/categories?post=50045"},{"taxonomy":"post_tag","embeddable":true,"href":"https:\/\/jornaldeitaipava.com.br\/index.php\/wp-json\/wp\/v2\/tags?post=50045"}],"curies":[{"name":"wp","href":"https:\/\/api.w.org\/{rel}","templated":true}]}}