{"id":50050,"date":"2026-02-13T13:00:55","date_gmt":"2026-02-13T16:00:55","guid":{"rendered":"https:\/\/jornaldeitaipava.com.br\/?p=50050"},"modified":"2026-02-13T13:00:58","modified_gmt":"2026-02-13T16:00:58","slug":"carnaval-2026-coleta-de-residuos-domiciliares-e-reforco-da-limpeza-nas-areas-de-maior-movimento","status":"publish","type":"post","link":"https:\/\/jornaldeitaipava.com.br\/index.php\/2026\/02\/13\/carnaval-2026-coleta-de-residuos-domiciliares-e-reforco-da-limpeza-nas-areas-de-maior-movimento\/","title":{"rendered":"Carnaval 2026: coleta de res\u00edduos domiciliares e refor\u00e7o da limpeza nas \u00e1reas de maior movimento"},"content":{"rendered":"\n<p>Coleta seletiva tamb\u00e9m seguir\u00e1 o cronograma regular<\/p>\n\n\n\n<p>A coleta de res\u00edduos domiciliares (lixo) vai funcionar normalmente durante o feriado de Carnaval. Para refor\u00e7ar a opera\u00e7\u00e3o, a Prefeitura, por meio de Comdep, disponibilizar\u00e1 um caminh\u00e3o extra de apoio nos locais com maior concentra\u00e7\u00e3o de foli\u00f5es, assegurando agilidade no recolhimento do lixo e evitando ac\u00famulo de res\u00edduos durante os dias de festa. A coleta seletiva tamb\u00e9m seguir\u00e1 o cronograma regular, com exce\u00e7\u00e3o do domingo, quando j\u00e1 n\u00e3o h\u00e1 opera\u00e7\u00e3o e da ter\u00e7a-feira de Carnaval, feriado nacional.<\/p>\n\n\n\n<p>A estrutura operacional inclui ainda um esquema especial de limpeza urbana e suporte aos eventos carnavalescos. \u201cAs equipes atuar\u00e3o antes, durante e ap\u00f3s as programa\u00e7\u00f5es, com refor\u00e7o na varri\u00e7\u00e3o das vias, limpeza de \u00e1reas de grande circula\u00e7\u00e3o e atendimento r\u00e1pido \u00e0s demandas que surgirem ao longo da festa\u201d, explicou o prefeito Hingo Hammes.<\/p>\n\n\n\n<p>Entre as a\u00e7\u00f5es previstas est\u00e3o a instala\u00e7\u00e3o de palcos e tendas, al\u00e9m da disponibiliza\u00e7\u00e3o de banheiros qu\u00edmicos em pontos estrat\u00e9gicos. Caminh\u00f5es-pipa tamb\u00e9m dar\u00e3o apoio a eventos tradicionais, como o Banho \u00e0 Fantasia no Itamarati. O planejamento contempla frentes de trabalho em locais como Valpara\u00edso, Morin, Cascatinha, Centro, 24 de Maio, Meio da Serra, Itamarati, Alto da Serra e nas regi\u00f5es do Pal\u00e1cio de Cristal, Parque Cremerie e Rua 13 de Maio. Nos distritos, as equipes atuar\u00e3o em Posse, Brejal, Secret\u00e1rio, Nogueira, Pedro do Rio e Corr\u00eaas.<\/p>\n\n\n\n<p>\u201c\u00c9 fundamental que os moradores respeitem os dias de coleta e evitem o descarte irregular de res\u00edduos. Montamos uma estrutura especial para garantir a limpeza da cidade e oferecer conforto a moradores e visitantes durante todo o Carnaval\u201d, disse a presidente da Comdep, Fernanda Ferreira.<\/p>\n","protected":false},"excerpt":{"rendered":"<p>Coleta seletiva tamb\u00e9m seguir\u00e1 o cronograma regular A coleta de res\u00edduos domiciliares (lixo) vai funcionar<\/p>\n","protected":false},"author":1,"featured_media":50051,"comment_status":"closed","ping_status":"open","sticky":false,"template":"","format":"standard","meta":{"spay_email":"","footnotes":"","jetpack_publicize_message":""},"categories":[2],"tags":[],"jetpack_featured_media_url":"https:\/\/i1.wp.com\/jornaldeitaipava.com.br\/wp-content\/uploads\/2026\/02\/WhatsApp-Image-2026-02-12-at-16.45.46.jpeg?fit=1599%2C899&ssl=1","jetpack_publicize_connections":[],"jetpack_sharing_enabled":true,"jetpack_likes_enabled":true,"jetpack-related-posts":[],"_links":{"self":[{"href":"https:\/\/jornaldeitaipava.com.br\/index.php\/wp-json\/wp\/v2\/posts\/50050"}],"collection":[{"href":"https:\/\/jornaldeitaipava.com.br\/index.php\/wp-json\/wp\/v2\/posts"}],"about":[{"href":"https:\/\/jornaldeitaipava.com.br\/index.php\/wp-json\/wp\/v2\/types\/post"}],"author":[{"embeddable":true,"href":"https:\/\/jornaldeitaipava.com.br\/index.php\/wp-json\/wp\/v2\/users\/1"}],"replies":[{"embeddable":true,"href":"https:\/\/jornaldeitaipava.com.br\/index.php\/wp-json\/wp\/v2\/comments?post=50050"}],"version-history":[{"count":1,"href":"https:\/\/jornaldeitaipava.com.br\/index.php\/wp-json\/wp\/v2\/posts\/50050\/revisions"}],"predecessor-version":[{"id":50052,"href":"https:\/\/jornaldeitaipava.com.br\/index.php\/wp-json\/wp\/v2\/posts\/50050\/revisions\/50052"}],"wp:featuredmedia":[{"embeddable":true,"href":"https:\/\/jornaldeitaipava.com.br\/index.php\/wp-json\/wp\/v2\/media\/50051"}],"wp:attachment":[{"href":"https:\/\/jornaldeitaipava.com.br\/index.php\/wp-json\/wp\/v2\/media?parent=50050"}],"wp:term":[{"taxonomy":"category","embeddable":true,"href":"https:\/\/jornaldeitaipava.com.br\/index.php\/wp-json\/wp\/v2\/categories?post=50050"},{"taxonomy":"post_tag","embeddable":true,"href":"https:\/\/jornaldeitaipava.com.br\/index.php\/wp-json\/wp\/v2\/tags?post=50050"}],"curies":[{"name":"wp","href":"https:\/\/api.w.org\/{rel}","templated":true}]}}