{"id":50059,"date":"2026-02-16T10:54:26","date_gmt":"2026-02-16T13:54:26","guid":{"rendered":"https:\/\/jornaldeitaipava.com.br\/?p=50059"},"modified":"2026-02-16T10:54:32","modified_gmt":"2026-02-16T13:54:32","slug":"preso-por-empinar-moto-em-meio-ao-banho-de-espuma-no-itamarati","status":"publish","type":"post","link":"https:\/\/jornaldeitaipava.com.br\/index.php\/2026\/02\/16\/preso-por-empinar-moto-em-meio-ao-banho-de-espuma-no-itamarati\/","title":{"rendered":"Preso por empinar moto em meio ao Banho de Espuma, no Itamarati"},"content":{"rendered":"\n<p>Na noite de domingo (15\/02), policiais militares do PATAMO atuavam no policiamento do evento carnavalesco \u201cBanho de Espuma\u201d, no bairro Itamarati, quando, durante a dispers\u00e3o do p\u00fablico, identificaram um motociclista trafegando de forma extremamente perigosa em meio \u00e0 multid\u00e3o.<\/p>\n\n\n\n<p>O condutor conduzia uma motocicleta  sem placa de identifica\u00e7\u00e3o vis\u00edvel, realizando manobras arriscadas, transitando na contram\u00e3o e empinando o ve\u00edculo entre foli\u00f5es, inclusive crian\u00e7as e idosos, colocando em risco a integridade f\u00edsica das pessoas presentes.<\/p>\n\n\n\n<p>Ap\u00f3s desobedecer ordem de parada e tentar fugir, o indiv\u00edduo foi interceptado por equipes policiais que realizaram cerco no local. Diante da resist\u00eancia, foi necess\u00e1rio o uso moderado da for\u00e7a para cont\u00ea-lo.<\/p>\n\n\n\n<p>Durante a ocorr\u00eancia, foram lavrados autos de infra\u00e7\u00e3o de tr\u00e2nsito e constatada adultera\u00e7\u00e3o de sinal identificador do ve\u00edculo. O condutor e a motocicleta foram encaminhados \u00e0 delegacia da \u00e1rea, onde o acusado permaneceu preso em flagrante.<\/p>\n\n\n\n<p>A Pol\u00edcia Militar refor\u00e7a que atua de forma rigorosa para garantir a seguran\u00e7a da popula\u00e7\u00e3o durante eventos de grande p\u00fablico, coibindo condutas que coloquem vidas em risco.<\/p>\n","protected":false},"excerpt":{"rendered":"<p>Na noite de domingo (15\/02), policiais militares do PATAMO atuavam no policiamento do evento carnavalesco<\/p>\n","protected":false},"author":1,"featured_media":50060,"comment_status":"closed","ping_status":"open","sticky":false,"template":"","format":"standard","meta":{"spay_email":"","footnotes":"","jetpack_publicize_message":""},"categories":[2],"tags":[],"jetpack_featured_media_url":"https:\/\/i1.wp.com\/jornaldeitaipava.com.br\/wp-content\/uploads\/2026\/02\/WhatsApp-Image-2026-02-16-at-05.36.09.jpeg?fit=1600%2C1200&ssl=1","jetpack_publicize_connections":[],"jetpack_sharing_enabled":true,"jetpack_likes_enabled":true,"jetpack-related-posts":[],"_links":{"self":[{"href":"https:\/\/jornaldeitaipava.com.br\/index.php\/wp-json\/wp\/v2\/posts\/50059"}],"collection":[{"href":"https:\/\/jornaldeitaipava.com.br\/index.php\/wp-json\/wp\/v2\/posts"}],"about":[{"href":"https:\/\/jornaldeitaipava.com.br\/index.php\/wp-json\/wp\/v2\/types\/post"}],"author":[{"embeddable":true,"href":"https:\/\/jornaldeitaipava.com.br\/index.php\/wp-json\/wp\/v2\/users\/1"}],"replies":[{"embeddable":true,"href":"https:\/\/jornaldeitaipava.com.br\/index.php\/wp-json\/wp\/v2\/comments?post=50059"}],"version-history":[{"count":1,"href":"https:\/\/jornaldeitaipava.com.br\/index.php\/wp-json\/wp\/v2\/posts\/50059\/revisions"}],"predecessor-version":[{"id":50061,"href":"https:\/\/jornaldeitaipava.com.br\/index.php\/wp-json\/wp\/v2\/posts\/50059\/revisions\/50061"}],"wp:featuredmedia":[{"embeddable":true,"href":"https:\/\/jornaldeitaipava.com.br\/index.php\/wp-json\/wp\/v2\/media\/50060"}],"wp:attachment":[{"href":"https:\/\/jornaldeitaipava.com.br\/index.php\/wp-json\/wp\/v2\/media?parent=50059"}],"wp:term":[{"taxonomy":"category","embeddable":true,"href":"https:\/\/jornaldeitaipava.com.br\/index.php\/wp-json\/wp\/v2\/categories?post=50059"},{"taxonomy":"post_tag","embeddable":true,"href":"https:\/\/jornaldeitaipava.com.br\/index.php\/wp-json\/wp\/v2\/tags?post=50059"}],"curies":[{"name":"wp","href":"https:\/\/api.w.org\/{rel}","templated":true}]}}