{"id":50062,"date":"2026-02-16T10:56:05","date_gmt":"2026-02-16T13:56:05","guid":{"rendered":"https:\/\/jornaldeitaipava.com.br\/?p=50062"},"modified":"2026-02-16T10:56:10","modified_gmt":"2026-02-16T13:56:10","slug":"prefeitura-distribui-pulseirinhas-para-identificacao-de-criancas-durante-o-folia-imperial","status":"publish","type":"post","link":"https:\/\/jornaldeitaipava.com.br\/index.php\/2026\/02\/16\/prefeitura-distribui-pulseirinhas-para-identificacao-de-criancas-durante-o-folia-imperial\/","title":{"rendered":"Prefeitura distribui pulseirinhas para identifica\u00e7\u00e3o de crian\u00e7as durante o Folia Imperial"},"content":{"rendered":"\n<p>Para dar tranquilidade aos pais durante a Folia Imperial, a Prefeitura est\u00e1 distribuindo pulseirinhas para identifica\u00e7\u00e3o de crian\u00e7as nos locais com programa\u00e7\u00e3o infantil. Esse trabalho \u00e9 realizado pela Secretaria de Assist\u00eancia Social tanto no Pal\u00e1cio de Cristal quanto no Parque Cremerie. As pulseirinhas s\u00e3o preenchidas logo na chegada a esses locais com o nome da crian\u00e7a, do respons\u00e1vel por ela e o contato desse respons\u00e1vel.<\/p>\n\n\n\n<p>&#8220;N\u00f3s organizamos um carnaval pensado para fam\u00edlia, com muita alegria e divers\u00e3o, mas com seguran\u00e7a e tranquilidade tamb\u00e9m. Essa medida j\u00e1 vem sendo feita desde o ano passado nos eventos com grande p\u00fablico e \u00e9 efetiva, que oferece cuidado para as crian\u00e7as e para os pais&#8221;, afirma o prefeito Hingo Hammes.<\/p>\n\n\n\n<p>No ano passado, essa iniciativa foi adotada durante a programa\u00e7\u00e3o de Carnaval, Natal e na Bauernfest, e provou efic\u00e1cia. Na Bauern, uma crian\u00e7a com autismo se perdeu dos pais, mas lembrou do local onde havia feito a pulseirinha. Ela retornou ao local e pediu ajuda \u00e0s equipes respons\u00e1veis pelo preenchimento das informa\u00e7\u00f5es. Os funcion\u00e1rios ligaram para o contato anotado na pulseirinha e conseguiram localizar os pais da crian\u00e7a.<\/p>\n\n\n\n<p>Nesta Folia Imperial, Guilherme Carvalho levou os pequenos Henrique e Diego, de cinco anos, e Bernardo, de tr\u00eas, para aproveitar a matin\u00ea no Parque Cremerie. Ele ressaltou import\u00e2ncia da pulseirinha.<\/p>\n\n\n\n<p>&#8220;\u00c9 uma medida de prote\u00e7\u00e3o a mais, caso eles saiam de perto e a gente n\u00e3o veja ou algo do tipo. Ainda mais com muita crian\u00e7a por aqui, pode sair de perto da gente enquanto est\u00e1 brincando. Algu\u00e9m pode ver a pulseira e sabe como contatar a gente&#8221;, disse.<\/p>\n\n\n\n<p>&#8220;Nosso maior objetivo \u00e9 a seguran\u00e7a das crian\u00e7as. As pulseirinhas s\u00e3o uma simples, basta preencher com informa\u00e7\u00f5es b\u00e1sicas e colocar no bra\u00e7o da crian\u00e7a, de forma gratuita e r\u00e1pida, mas que oferece uma tranquilidade ainda maior para as fam\u00edlias. Tamb\u00e9m estaremos com as nossas equipes na Pra\u00e7a da \u00c1guia, durante a Deguste, no \u00faltimo dia do Carnaval, na ter\u00e7a-feira (17)&#8221;, destaca o secret\u00e1rio de Assist\u00eancia Social, Wesley Barreto.<\/p>\n","protected":false},"excerpt":{"rendered":"<p>Para dar tranquilidade aos pais durante a Folia Imperial, a Prefeitura est\u00e1 distribuindo pulseirinhas para<\/p>\n","protected":false},"author":1,"featured_media":50063,"comment_status":"closed","ping_status":"open","sticky":false,"template":"","format":"standard","meta":{"spay_email":"","footnotes":"","jetpack_publicize_message":""},"categories":[2],"tags":[],"jetpack_featured_media_url":"https:\/\/i1.wp.com\/jornaldeitaipava.com.br\/wp-content\/uploads\/2026\/02\/WhatsApp-Image-2026-02-15-at-14.37.59.jpeg?fit=1600%2C1066&ssl=1","jetpack_publicize_connections":[],"jetpack_sharing_enabled":true,"jetpack_likes_enabled":true,"jetpack-related-posts":[],"_links":{"self":[{"href":"https:\/\/jornaldeitaipava.com.br\/index.php\/wp-json\/wp\/v2\/posts\/50062"}],"collection":[{"href":"https:\/\/jornaldeitaipava.com.br\/index.php\/wp-json\/wp\/v2\/posts"}],"about":[{"href":"https:\/\/jornaldeitaipava.com.br\/index.php\/wp-json\/wp\/v2\/types\/post"}],"author":[{"embeddable":true,"href":"https:\/\/jornaldeitaipava.com.br\/index.php\/wp-json\/wp\/v2\/users\/1"}],"replies":[{"embeddable":true,"href":"https:\/\/jornaldeitaipava.com.br\/index.php\/wp-json\/wp\/v2\/comments?post=50062"}],"version-history":[{"count":1,"href":"https:\/\/jornaldeitaipava.com.br\/index.php\/wp-json\/wp\/v2\/posts\/50062\/revisions"}],"predecessor-version":[{"id":50064,"href":"https:\/\/jornaldeitaipava.com.br\/index.php\/wp-json\/wp\/v2\/posts\/50062\/revisions\/50064"}],"wp:featuredmedia":[{"embeddable":true,"href":"https:\/\/jornaldeitaipava.com.br\/index.php\/wp-json\/wp\/v2\/media\/50063"}],"wp:attachment":[{"href":"https:\/\/jornaldeitaipava.com.br\/index.php\/wp-json\/wp\/v2\/media?parent=50062"}],"wp:term":[{"taxonomy":"category","embeddable":true,"href":"https:\/\/jornaldeitaipava.com.br\/index.php\/wp-json\/wp\/v2\/categories?post=50062"},{"taxonomy":"post_tag","embeddable":true,"href":"https:\/\/jornaldeitaipava.com.br\/index.php\/wp-json\/wp\/v2\/tags?post=50062"}],"curies":[{"name":"wp","href":"https:\/\/api.w.org\/{rel}","templated":true}]}}