{"id":50065,"date":"2026-02-16T11:06:09","date_gmt":"2026-02-16T14:06:09","guid":{"rendered":"https:\/\/jornaldeitaipava.com.br\/?p=50065"},"modified":"2026-02-16T11:06:15","modified_gmt":"2026-02-16T14:06:15","slug":"traficante-e-preso-em-flagrante-no-vila-rica","status":"publish","type":"post","link":"https:\/\/jornaldeitaipava.com.br\/index.php\/2026\/02\/16\/traficante-e-preso-em-flagrante-no-vila-rica\/","title":{"rendered":"Traficante \u00e9 preso em flagrante no Vila Rica"},"content":{"rendered":"\n<p>Na noite do s\u00e1bado (14\/02), policiais militares do Servi\u00e7o Reservado (P2) do 26\u00ba BPM prenderam um homem de 37 anos por tr\u00e1fico de drogas na localidade da Vila Rica.<\/p>\n\n\n\n<p>Ap\u00f3s den\u00fancia e trabalho de intelig\u00eancia, a equipe realizou dilig\u00eancias na regi\u00e3o e observou o suspeito retirando material entorpecente de um ponto escondido entre arbustos. Durante a abordagem, foram encontrados 20 pinos de coca\u00edna (aproximadamente 76 gramas), com inscri\u00e7\u00f5es alusivas \u00e0 fac\u00e7\u00e3o criminosa que atua na \u00e1rea.<\/p>\n\n\n\n<p>O acusado foi conduzido \u00e0 106\u00aa DP, onde foi autuado em flagrante no Art. 33 da Lei 11.343\/06 (tr\u00e1fico de drogas), permanecendo preso \u00e0 disposi\u00e7\u00e3o da Justi\u00e7a.<\/p>\n\n\n\n<p>O 26\u00ba BPM segue intensificando a\u00e7\u00f5es estrat\u00e9gicas no combate ao tr\u00e1fico de drogas em Petr\u00f3polis.<\/p>\n","protected":false},"excerpt":{"rendered":"<p>Na noite do s\u00e1bado (14\/02), policiais militares do Servi\u00e7o Reservado (P2) do 26\u00ba BPM prenderam<\/p>\n","protected":false},"author":1,"featured_media":13086,"comment_status":"closed","ping_status":"open","sticky":false,"template":"","format":"standard","meta":{"spay_email":"","footnotes":"","jetpack_publicize_message":""},"categories":[2],"tags":[],"jetpack_featured_media_url":"https:\/\/i1.wp.com\/jornaldeitaipava.com.br\/wp-content\/uploads\/2021\/04\/PLANTAO-POLICIAL-VINHETA.jpg?fit=400%2C172&ssl=1","jetpack_publicize_connections":[],"jetpack_sharing_enabled":true,"jetpack_likes_enabled":true,"jetpack-related-posts":[],"_links":{"self":[{"href":"https:\/\/jornaldeitaipava.com.br\/index.php\/wp-json\/wp\/v2\/posts\/50065"}],"collection":[{"href":"https:\/\/jornaldeitaipava.com.br\/index.php\/wp-json\/wp\/v2\/posts"}],"about":[{"href":"https:\/\/jornaldeitaipava.com.br\/index.php\/wp-json\/wp\/v2\/types\/post"}],"author":[{"embeddable":true,"href":"https:\/\/jornaldeitaipava.com.br\/index.php\/wp-json\/wp\/v2\/users\/1"}],"replies":[{"embeddable":true,"href":"https:\/\/jornaldeitaipava.com.br\/index.php\/wp-json\/wp\/v2\/comments?post=50065"}],"version-history":[{"count":1,"href":"https:\/\/jornaldeitaipava.com.br\/index.php\/wp-json\/wp\/v2\/posts\/50065\/revisions"}],"predecessor-version":[{"id":50066,"href":"https:\/\/jornaldeitaipava.com.br\/index.php\/wp-json\/wp\/v2\/posts\/50065\/revisions\/50066"}],"wp:featuredmedia":[{"embeddable":true,"href":"https:\/\/jornaldeitaipava.com.br\/index.php\/wp-json\/wp\/v2\/media\/13086"}],"wp:attachment":[{"href":"https:\/\/jornaldeitaipava.com.br\/index.php\/wp-json\/wp\/v2\/media?parent=50065"}],"wp:term":[{"taxonomy":"category","embeddable":true,"href":"https:\/\/jornaldeitaipava.com.br\/index.php\/wp-json\/wp\/v2\/categories?post=50065"},{"taxonomy":"post_tag","embeddable":true,"href":"https:\/\/jornaldeitaipava.com.br\/index.php\/wp-json\/wp\/v2\/tags?post=50065"}],"curies":[{"name":"wp","href":"https:\/\/api.w.org\/{rel}","templated":true}]}}