{"id":50067,"date":"2026-02-19T13:53:23","date_gmt":"2026-02-19T16:53:23","guid":{"rendered":"https:\/\/jornaldeitaipava.com.br\/?p=50067"},"modified":"2026-02-19T13:53:26","modified_gmt":"2026-02-19T16:53:26","slug":"enel-rio-abre-vagas-para-curso-de-formacao-de-eletricistas","status":"publish","type":"post","link":"https:\/\/jornaldeitaipava.com.br\/index.php\/2026\/02\/19\/enel-rio-abre-vagas-para-curso-de-formacao-de-eletricistas\/","title":{"rendered":"ENEL RIO ABRE VAGAS PARA CURSO DE FORMA\u00c7\u00c3O DE ELETRICISTAS"},"content":{"rendered":"\n<p>A Enel Distribui\u00e7\u00e3o Rio est\u00e1 com inscri\u00e7\u00f5es abertas para o curso de forma\u00e7\u00e3o de eletricistas, voltado ao preenchimento de vagas nos munic\u00edpios de Araruama, Cabo Frio, Cantagalo, Mag\u00e9, Petr\u00f3polis, Resende e Teres\u00f3polis. A forma\u00e7\u00e3o \u00e9 uma das a\u00e7\u00f5es previstas no plano estrat\u00e9gico e de investimentos da empresa para o estado do Rio de Janeiro e tem como objetivo suprir a demanda de m\u00e3o de obra especializada. A previs\u00e3o da distribuidora \u00e9 que, at\u00e9 o fim do ano, 300 novos alunos sejam contratados como profissionais em campo para atuar em sua \u00e1rea de concess\u00e3o.<\/p>\n\n\n\n<p>Desde 2024, mais de dois mil novos colaboradores passaram a fazer parte da distribuidora, sendo que 260 deles foram formados na Escola de Eletricistas no Rio de Janeiro.<\/p>\n\n\n\n<p>Para participar da Escola de Eletricistas, o candidato precisa ter 18 anos ou mais e ensino m\u00e9dio completo. As vagas s\u00e3o para candidatos de todos os g\u00eaneros, com um convite especial para as mulheres. O curso ter\u00e1 dura\u00e7\u00e3o de, em m\u00e9dia, dois meses, e os alunos ter\u00e3o direito a uma bolsa-aux\u00edlio para transporte e alimenta\u00e7\u00e3o, garantindo o suporte necess\u00e1rio durante o per\u00edodo de aprendizado.<\/p>\n\n\n\n<p>Ao final da forma\u00e7\u00e3o, os alunos aprovados poder\u00e3o participar de processos seletivos para vagas de eletricistas na Enel ou em empresas parceiras.<\/p>\n\n\n\n<p>As inscri\u00e7\u00f5es podem ser feitas no link:&nbsp;<a href=\"https:\/\/forms.office.com\/pages\/responsepage.aspx?id=v9Q51RBWGkevwhx2aFz--ksFmsagq9dAqT0wjFaHayVUQzQ2M1A5RjRWTjgzMFNHVzlKUDlSMjM1Ry4u&amp;route=shorturl\" target=\"_blank\" rel=\"noreferrer noopener\">https:\/\/forms.office.com\/pages\/responsepage.aspx?id=v9Q51RBWGkevwhx2aFz&#8211;ksFmsagq9dAqT0wjFaHayVUQzQ2M1A5RjRWTjgzMFNHVzlKUDlSMjM1Ry4u&amp;route=shorturl<\/a>.<\/p>\n","protected":false},"excerpt":{"rendered":"<p>A Enel Distribui\u00e7\u00e3o Rio est\u00e1 com inscri\u00e7\u00f5es abertas para o curso de forma\u00e7\u00e3o de eletricistas,<\/p>\n","protected":false},"author":1,"featured_media":18166,"comment_status":"closed","ping_status":"open","sticky":false,"template":"","format":"standard","meta":{"spay_email":"","footnotes":"","jetpack_publicize_message":""},"categories":[9],"tags":[],"jetpack_featured_media_url":"https:\/\/i2.wp.com\/jornaldeitaipava.com.br\/wp-content\/uploads\/2021\/07\/enel.png?fit=749%2C480&ssl=1","jetpack_publicize_connections":[],"jetpack_sharing_enabled":true,"jetpack_likes_enabled":true,"jetpack-related-posts":[],"_links":{"self":[{"href":"https:\/\/jornaldeitaipava.com.br\/index.php\/wp-json\/wp\/v2\/posts\/50067"}],"collection":[{"href":"https:\/\/jornaldeitaipava.com.br\/index.php\/wp-json\/wp\/v2\/posts"}],"about":[{"href":"https:\/\/jornaldeitaipava.com.br\/index.php\/wp-json\/wp\/v2\/types\/post"}],"author":[{"embeddable":true,"href":"https:\/\/jornaldeitaipava.com.br\/index.php\/wp-json\/wp\/v2\/users\/1"}],"replies":[{"embeddable":true,"href":"https:\/\/jornaldeitaipava.com.br\/index.php\/wp-json\/wp\/v2\/comments?post=50067"}],"version-history":[{"count":1,"href":"https:\/\/jornaldeitaipava.com.br\/index.php\/wp-json\/wp\/v2\/posts\/50067\/revisions"}],"predecessor-version":[{"id":50068,"href":"https:\/\/jornaldeitaipava.com.br\/index.php\/wp-json\/wp\/v2\/posts\/50067\/revisions\/50068"}],"wp:featuredmedia":[{"embeddable":true,"href":"https:\/\/jornaldeitaipava.com.br\/index.php\/wp-json\/wp\/v2\/media\/18166"}],"wp:attachment":[{"href":"https:\/\/jornaldeitaipava.com.br\/index.php\/wp-json\/wp\/v2\/media?parent=50067"}],"wp:term":[{"taxonomy":"category","embeddable":true,"href":"https:\/\/jornaldeitaipava.com.br\/index.php\/wp-json\/wp\/v2\/categories?post=50067"},{"taxonomy":"post_tag","embeddable":true,"href":"https:\/\/jornaldeitaipava.com.br\/index.php\/wp-json\/wp\/v2\/tags?post=50067"}],"curies":[{"name":"wp","href":"https:\/\/api.w.org\/{rel}","templated":true}]}}