{"id":50070,"date":"2026-02-19T13:57:00","date_gmt":"2026-02-19T16:57:00","guid":{"rendered":"https:\/\/jornaldeitaipava.com.br\/?p=50070"},"modified":"2026-02-19T13:57:10","modified_gmt":"2026-02-19T16:57:10","slug":"vencimento-da-segunda-parcela-do-ipva-comeca-nesta-sexta-feira-dia-20","status":"publish","type":"post","link":"https:\/\/jornaldeitaipava.com.br\/index.php\/2026\/02\/19\/vencimento-da-segunda-parcela-do-ipva-comeca-nesta-sexta-feira-dia-20\/","title":{"rendered":"Vencimento da segunda parcela do IPVA come\u00e7a nesta sexta-feira, dia 20"},"content":{"rendered":"\n<p><em>Nova fase de pagamentos do tributo come\u00e7a com placa final 0<\/em><\/p>\n\n\n\n<p>Os condutores de ve\u00edculos que optaram pelo parcelamento do IPVA de 2026 devem se atentar ao vencimento da segunda parcela, que come\u00e7a nesta sexta-feira (20\/02). A segunda fase do calend\u00e1rio de pagamento do tributo vai at\u00e9 6 de mar\u00e7o, de acordo com o final da placa de cada ve\u00edculo. Cerca 1,9 milh\u00e3o de ve\u00edculos est\u00e3o com o imposto em atraso (cota \u00fanica ou primeira parcela) e sujeitos a multa de 0,33% ao dia, limitada a 20%, mais juros, sobre a parcela j\u00e1 vencida.<\/p>\n\n\n\n<p>Para fazer o pagamento, o contribuinte deve emitir o Documento de Arrecada\u00e7\u00e3o do Rio de Janeiro (DARJ) exclusivamente no hotsite do IPVA da Secretaria de Estado de Fazenda (<a href=\"https:\/\/ipva2026.fazenda.rj.gov.br\/\" target=\"_blank\" rel=\"noreferrer noopener\">https:\/\/ipva2026.fazenda.rj.gov.br\/<\/a>). Depois, o contribuinte deve clicar em \u201cEmiss\u00e3o DARJ IPVA\u201d e informar o n\u00famero do Registro Nacional de Ve\u00edculos Automotores (Renavam). A recomenda\u00e7\u00e3o \u00e9 digitar o endere\u00e7o diretamente no navegador, evitando sites de busca que podem direcionar a endere\u00e7os criados por golpistas.<\/p>\n\n\n\n<p>O pagamento poder\u00e1 ser feito via Pix, em qualquer institui\u00e7\u00e3o financeira, ou por c\u00f3digo de barras, em bancos parceiros da Fazenda estadual (Bradesco, Ita\u00fa, Santander e SICOOB). Caso a modalidade de pagamento escolhida seja Pix, o contribuinte deve se atentar \u00e0s seguintes informa\u00e7\u00f5es no aplicativo do banco antes confirmar a transa\u00e7\u00e3o: o CNPJ 42.498.675\/0001-52 e o nome do favorecido \u201cSEFAZ RJ \u2013 SECRETARIA DE ESTADO DE FAZENDA DO RJ\u201d.<\/p>\n\n\n\n<p>O valor do imposto \u00e9 calculado por meio da aplica\u00e7\u00e3o das al\u00edquotas estabelecidas em lei (4% para carros flex, 2% para motos, 1,5% para carros movidos a GNV e 0,5% para ve\u00edculos movidos exclusivamente a energia el\u00e9trica) sobre os valores venais (pre\u00e7os de mercado) dos ve\u00edculos, calculados pela Funda\u00e7\u00e3o Instituto de Pesquisas Econ\u00f4micas (Fipe).<strong>\u00a0<\/strong><\/p>\n\n\n\n<figure class=\"wp-block-gallery has-nested-images columns-default is-cropped wp-block-gallery-1 is-layout-flex wp-block-gallery-is-layout-flex\">\n<figure class=\"wp-block-image size-large\"><img loading=\"lazy\" decoding=\"async\" width=\"352\" height=\"531\" data-attachment-id=\"50071\" data-permalink=\"https:\/\/jornaldeitaipava.com.br\/index.php\/2026\/02\/19\/vencimento-da-segunda-parcela-do-ipva-comeca-nesta-sexta-feira-dia-20\/calenda-ipva\/\" data-orig-file=\"https:\/\/i2.wp.com\/jornaldeitaipava.com.br\/wp-content\/uploads\/2026\/02\/calenda-ipva.png?fit=352%2C531&amp;ssl=1\" data-orig-size=\"352,531\" data-comments-opened=\"0\" data-image-meta=\"{&quot;aperture&quot;:&quot;0&quot;,&quot;credit&quot;:&quot;&quot;,&quot;camera&quot;:&quot;&quot;,&quot;caption&quot;:&quot;&quot;,&quot;created_timestamp&quot;:&quot;0&quot;,&quot;copyright&quot;:&quot;&quot;,&quot;focal_length&quot;:&quot;0&quot;,&quot;iso&quot;:&quot;0&quot;,&quot;shutter_speed&quot;:&quot;0&quot;,&quot;title&quot;:&quot;&quot;,&quot;orientation&quot;:&quot;0&quot;}\" data-image-title=\"calenda ipva\" data-image-description=\"\" data-medium-file=\"https:\/\/i2.wp.com\/jornaldeitaipava.com.br\/wp-content\/uploads\/2026\/02\/calenda-ipva.png?fit=199%2C300&amp;ssl=1\" data-large-file=\"https:\/\/i2.wp.com\/jornaldeitaipava.com.br\/wp-content\/uploads\/2026\/02\/calenda-ipva.png?fit=352%2C531&amp;ssl=1\" data-id=\"50071\" src=\"https:\/\/i2.wp.com\/jornaldeitaipava.com.br\/wp-content\/uploads\/2026\/02\/calenda-ipva.png?resize=352%2C531&#038;ssl=1\" alt=\"\" class=\"wp-image-50071\" srcset=\"https:\/\/i2.wp.com\/jornaldeitaipava.com.br\/wp-content\/uploads\/2026\/02\/calenda-ipva.png?w=352&amp;ssl=1 352w, https:\/\/i2.wp.com\/jornaldeitaipava.com.br\/wp-content\/uploads\/2026\/02\/calenda-ipva.png?resize=199%2C300&amp;ssl=1 199w\" sizes=\"(max-width: 352px) 100vw, 352px\" data-recalc-dims=\"1\" \/><\/figure>\n<\/figure>\n","protected":false},"excerpt":{"rendered":"<p>Nova fase de pagamentos do tributo come\u00e7a com placa final 0 Os condutores de ve\u00edculos<\/p>\n","protected":false},"author":1,"featured_media":42792,"comment_status":"closed","ping_status":"open","sticky":false,"template":"","format":"standard","meta":{"spay_email":"","footnotes":"","jetpack_publicize_message":""},"categories":[9],"tags":[],"jetpack_featured_media_url":"https:\/\/i1.wp.com\/jornaldeitaipava.com.br\/wp-content\/uploads\/2024\/11\/IPVA.jpg?fit=767%2C475&ssl=1","jetpack_publicize_connections":[],"jetpack_sharing_enabled":true,"jetpack_likes_enabled":true,"jetpack-related-posts":[],"_links":{"self":[{"href":"https:\/\/jornaldeitaipava.com.br\/index.php\/wp-json\/wp\/v2\/posts\/50070"}],"collection":[{"href":"https:\/\/jornaldeitaipava.com.br\/index.php\/wp-json\/wp\/v2\/posts"}],"about":[{"href":"https:\/\/jornaldeitaipava.com.br\/index.php\/wp-json\/wp\/v2\/types\/post"}],"author":[{"embeddable":true,"href":"https:\/\/jornaldeitaipava.com.br\/index.php\/wp-json\/wp\/v2\/users\/1"}],"replies":[{"embeddable":true,"href":"https:\/\/jornaldeitaipava.com.br\/index.php\/wp-json\/wp\/v2\/comments?post=50070"}],"version-history":[{"count":1,"href":"https:\/\/jornaldeitaipava.com.br\/index.php\/wp-json\/wp\/v2\/posts\/50070\/revisions"}],"predecessor-version":[{"id":50072,"href":"https:\/\/jornaldeitaipava.com.br\/index.php\/wp-json\/wp\/v2\/posts\/50070\/revisions\/50072"}],"wp:featuredmedia":[{"embeddable":true,"href":"https:\/\/jornaldeitaipava.com.br\/index.php\/wp-json\/wp\/v2\/media\/42792"}],"wp:attachment":[{"href":"https:\/\/jornaldeitaipava.com.br\/index.php\/wp-json\/wp\/v2\/media?parent=50070"}],"wp:term":[{"taxonomy":"category","embeddable":true,"href":"https:\/\/jornaldeitaipava.com.br\/index.php\/wp-json\/wp\/v2\/categories?post=50070"},{"taxonomy":"post_tag","embeddable":true,"href":"https:\/\/jornaldeitaipava.com.br\/index.php\/wp-json\/wp\/v2\/tags?post=50070"}],"curies":[{"name":"wp","href":"https:\/\/api.w.org\/{rel}","templated":true}]}}