{"id":50073,"date":"2026-02-19T13:59:07","date_gmt":"2026-02-19T16:59:07","guid":{"rendered":"https:\/\/jornaldeitaipava.com.br\/?p=50073"},"modified":"2026-02-19T13:59:17","modified_gmt":"2026-02-19T16:59:17","slug":"ultimos-dias-de-inscricoes-para-novas-vozes-no-curso-aprendiz-de-canarinho","status":"publish","type":"post","link":"https:\/\/jornaldeitaipava.com.br\/index.php\/2026\/02\/19\/ultimos-dias-de-inscricoes-para-novas-vozes-no-curso-aprendiz-de-canarinho\/","title":{"rendered":"\u00daltimos dias de inscri\u00e7\u00f5es para novas vozes no Curso Aprendiz de Canarinho"},"content":{"rendered":"\n<p><strong>Projeto gratuito oferece forma\u00e7\u00e3o musical para meninos do 4\u00ba ano do Ensino Fundamental<\/strong><\/p>\n\n\n\n<p><br>O coro de meninos mais antigo em atividade no Brasil abriu inscri\u00e7\u00f5es para receber novas vozes. O Coral dos Canarinhos de Petr\u00f3polis est\u00e1 com vagas abertas para o Curso Aprendiz de Canarinho, projeto gratuito e reconhecido como Ponto de Cultura, voltado exclusivamente para meninos que estejam cursando o 4\u00ba ano do Ensino Fundamental. A iniciativa marca o in\u00edcio da forma\u00e7\u00e3o de crian\u00e7as que poder\u00e3o dar continuidade a uma hist\u00f3ria constru\u00edda h\u00e1 83 anos.<\/p>\n\n\n\n<p>Com dura\u00e7\u00e3o de um ano, o curso oferece uma forma\u00e7\u00e3o musical completa, com aulas de t\u00e9cnica vocal, canto coral, teoria musical, flauta, solfejo e ritmo. As atividades acontecem \u00e0s ter\u00e7as e quintas-feiras, das 7h40 \u00e0s 11h, na sede do Instituto dos Meninos Cantores de Petr\u00f3polis. Ao final de cada manh\u00e3, os alunos recebem almo\u00e7o gratuito no refeit\u00f3rio da institui\u00e7\u00e3o antes de seguirem para a escola.<\/p>\n\n\n\n<p>Mais do que aprendizado musical, o Aprendiz de Canarinho proporciona uma experi\u00eancia formativa que marca a vida dos participantes. \u201cCada nova voz que chega ao projeto carrega a possibilidade de continuidade dessa hist\u00f3ria t\u00e3o importante para Petr\u00f3polis e para a m\u00fasica brasileira. Aqui, os meninos aprendem m\u00fasica, mas tamb\u00e9m conviv\u00eancia, disciplina, sensibilidade e trabalho em grupo\u201d, afirma Rose de Mello, gestora do Instituto dos Meninos Cantores de Petr\u00f3polis.<\/p>\n\n\n\n<p>Ao final do curso, os aprendizes podem ser convidados a integrar o Coral dos Canarinhos de Petr\u00f3polis, permanecendo no projeto at\u00e9 a conclus\u00e3o do Ensino M\u00e9dio. Durante esse per\u00edodo, os integrantes participam de ensaios, concertos, apresenta\u00e7\u00f5es, viagens e interc\u00e2mbios culturais no Brasil e no exterior, tudo de forma gratuita para as fam\u00edlias.<\/p>\n\n\n\n<p>Para o Frei Marcos Ant\u00f4nio de Andrade, presidente do Instituto dos Meninos Cantores de Petr\u00f3polis, o projeto \u00e9 uma miss\u00e3o que ultrapassa a m\u00fasica. \u201cOs Canarinhos representam uma tradi\u00e7\u00e3o viva, constru\u00edda com dedica\u00e7\u00e3o, f\u00e9 e compromisso com a forma\u00e7\u00e3o integral dos jovens. Cada menino que ingressa no projeto passa a fazer parte dessa hist\u00f3ria e ajuda a mant\u00ea-la viva para as pr\u00f3ximas gera\u00e7\u00f5es\u201d, destaca.<\/p>\n\n\n\n<p>As oficinas de sele\u00e7\u00e3o acontecem em formato leve e acolhedor, permitindo que os meninos tenham o primeiro contato com o universo coral de forma natural e prazerosa. O objetivo \u00e9 identificar o interesse, a musicalidade e o potencial de cada candidato, respeitando o tempo e a individualidade de cada crian\u00e7a.<\/p>\n\n\n\n<p><strong>Servi\u00e7o:&nbsp;<\/strong><\/p>\n\n\n\n<p><strong>Inscri\u00e7\u00f5es:<\/strong>&nbsp;at\u00e9 23 de fevereiro<\/p>\n\n\n\n<p><strong>Oficinas de sele\u00e7\u00e3o:&nbsp;<\/strong>24, 25 e 26 de fevereiro<\/p>\n\n\n\n<p><strong>In\u00edcio das aulas<\/strong>: 3 de mar\u00e7o<\/p>\n\n\n\n<p><strong>Inscri\u00e7\u00f5es e informa\u00e7\u00f5es:<\/strong><\/p>\n\n\n\n<p>WhatsApp (24) 99926-1820 | (24) 99926-1806<\/p>\n\n\n\n<p>Telefone: (24) 2104-4141<\/p>\n\n\n\n<p><strong>Site:&nbsp;<\/strong><a href=\"http:\/\/www.canarinhos.com.br\/\" target=\"_blank\" rel=\"noreferrer noopener\">www.canarinhos.com.br<\/a><\/p>\n","protected":false},"excerpt":{"rendered":"<p>Projeto gratuito oferece forma\u00e7\u00e3o musical para meninos do 4\u00ba ano do Ensino Fundamental O coro<\/p>\n","protected":false},"author":1,"featured_media":11452,"comment_status":"closed","ping_status":"open","sticky":false,"template":"","format":"standard","meta":{"spay_email":"","footnotes":"","jetpack_publicize_message":""},"categories":[1],"tags":[],"jetpack_featured_media_url":"https:\/\/i0.wp.com\/jornaldeitaipava.com.br\/wp-content\/uploads\/2021\/03\/canarinhos.jpg?fit=1109%2C631&ssl=1","jetpack_publicize_connections":[],"jetpack_sharing_enabled":true,"jetpack_likes_enabled":true,"jetpack-related-posts":[],"_links":{"self":[{"href":"https:\/\/jornaldeitaipava.com.br\/index.php\/wp-json\/wp\/v2\/posts\/50073"}],"collection":[{"href":"https:\/\/jornaldeitaipava.com.br\/index.php\/wp-json\/wp\/v2\/posts"}],"about":[{"href":"https:\/\/jornaldeitaipava.com.br\/index.php\/wp-json\/wp\/v2\/types\/post"}],"author":[{"embeddable":true,"href":"https:\/\/jornaldeitaipava.com.br\/index.php\/wp-json\/wp\/v2\/users\/1"}],"replies":[{"embeddable":true,"href":"https:\/\/jornaldeitaipava.com.br\/index.php\/wp-json\/wp\/v2\/comments?post=50073"}],"version-history":[{"count":1,"href":"https:\/\/jornaldeitaipava.com.br\/index.php\/wp-json\/wp\/v2\/posts\/50073\/revisions"}],"predecessor-version":[{"id":50074,"href":"https:\/\/jornaldeitaipava.com.br\/index.php\/wp-json\/wp\/v2\/posts\/50073\/revisions\/50074"}],"wp:featuredmedia":[{"embeddable":true,"href":"https:\/\/jornaldeitaipava.com.br\/index.php\/wp-json\/wp\/v2\/media\/11452"}],"wp:attachment":[{"href":"https:\/\/jornaldeitaipava.com.br\/index.php\/wp-json\/wp\/v2\/media?parent=50073"}],"wp:term":[{"taxonomy":"category","embeddable":true,"href":"https:\/\/jornaldeitaipava.com.br\/index.php\/wp-json\/wp\/v2\/categories?post=50073"},{"taxonomy":"post_tag","embeddable":true,"href":"https:\/\/jornaldeitaipava.com.br\/index.php\/wp-json\/wp\/v2\/tags?post=50073"}],"curies":[{"name":"wp","href":"https:\/\/api.w.org\/{rel}","templated":true}]}}