{"id":50075,"date":"2026-02-19T14:01:35","date_gmt":"2026-02-19T17:01:35","guid":{"rendered":"https:\/\/jornaldeitaipava.com.br\/?p=50075"},"modified":"2026-02-19T14:01:47","modified_gmt":"2026-02-19T17:01:47","slug":"homem-tem-grave-lesao-apos-desentendimento-no-independencia","status":"publish","type":"post","link":"https:\/\/jornaldeitaipava.com.br\/index.php\/2026\/02\/19\/homem-tem-grave-lesao-apos-desentendimento-no-independencia\/","title":{"rendered":"Homem tem grave les\u00e3o ap\u00f3s desentendimento no Independ\u00eancia"},"content":{"rendered":"\n<p>Na tarde desta Quarta- feira (18\/02), policiais militares foram acionados para verificar a entrada de um homem em estado grave no Pronto Socorro do Alto da Serra, v\u00edtima de les\u00e3o corporal.<\/p>\n\n\n\n<p>Segundo relato de familiar, o fato teria ocorrido na noite anterior (17\/02), durante uma confraterniza\u00e7\u00e3o na localidade conhecida como Cant\u00e3o, no bairro Independ\u00eancia. Ap\u00f3s um desentendimento entre a v\u00edtima e outro homem, houve empurr\u00f5es e a v\u00edtima caiu de uma laje.<\/p>\n\n\n\n<p>Na ocasi\u00e3o, o SAMU foi acionado, por\u00e9m o homem teria recusado atendimento m\u00e9dico. J\u00e1 no dia seguinte, apresentou piora no quadro cl\u00ednico e foi socorrido ao hospital, onde deu entrada inconsciente. De acordo com a equipe m\u00e9dica, o estado de sa\u00fade \u00e9 considerado grave, com les\u00e3o na cabe\u00e7a, sendo necess\u00e1rios exames complementares para avalia\u00e7\u00e3o detalhada.<\/p>\n\n\n\n<p>A ocorr\u00eancia foi registrada na 105\u00aa Delegacia de Pol\u00edcia, que dar\u00e1 prosseguimento \u00e0s investiga\u00e7\u00f5es para apurar as circunst\u00e2ncias do fato.<\/p>\n\n\n\n<p>A Pol\u00edcia Militar segue \u00e0 disposi\u00e7\u00e3o da popula\u00e7\u00e3o para atendimento de emerg\u00eancias pelo 190.<\/p>\n","protected":false},"excerpt":{"rendered":"<p>Na tarde desta Quarta- feira (18\/02), policiais militares foram acionados para verificar a entrada de<\/p>\n","protected":false},"author":1,"featured_media":8942,"comment_status":"closed","ping_status":"open","sticky":false,"template":"","format":"standard","meta":{"spay_email":"","footnotes":"","jetpack_publicize_message":""},"categories":[2],"tags":[],"jetpack_featured_media_url":"https:\/\/i1.wp.com\/jornaldeitaipava.com.br\/wp-content\/uploads\/2021\/01\/PLANTAO-POLICIAL-VINHETA.jpg?fit=400%2C172&ssl=1","jetpack_publicize_connections":[],"jetpack_sharing_enabled":true,"jetpack_likes_enabled":true,"jetpack-related-posts":[],"_links":{"self":[{"href":"https:\/\/jornaldeitaipava.com.br\/index.php\/wp-json\/wp\/v2\/posts\/50075"}],"collection":[{"href":"https:\/\/jornaldeitaipava.com.br\/index.php\/wp-json\/wp\/v2\/posts"}],"about":[{"href":"https:\/\/jornaldeitaipava.com.br\/index.php\/wp-json\/wp\/v2\/types\/post"}],"author":[{"embeddable":true,"href":"https:\/\/jornaldeitaipava.com.br\/index.php\/wp-json\/wp\/v2\/users\/1"}],"replies":[{"embeddable":true,"href":"https:\/\/jornaldeitaipava.com.br\/index.php\/wp-json\/wp\/v2\/comments?post=50075"}],"version-history":[{"count":1,"href":"https:\/\/jornaldeitaipava.com.br\/index.php\/wp-json\/wp\/v2\/posts\/50075\/revisions"}],"predecessor-version":[{"id":50076,"href":"https:\/\/jornaldeitaipava.com.br\/index.php\/wp-json\/wp\/v2\/posts\/50075\/revisions\/50076"}],"wp:featuredmedia":[{"embeddable":true,"href":"https:\/\/jornaldeitaipava.com.br\/index.php\/wp-json\/wp\/v2\/media\/8942"}],"wp:attachment":[{"href":"https:\/\/jornaldeitaipava.com.br\/index.php\/wp-json\/wp\/v2\/media?parent=50075"}],"wp:term":[{"taxonomy":"category","embeddable":true,"href":"https:\/\/jornaldeitaipava.com.br\/index.php\/wp-json\/wp\/v2\/categories?post=50075"},{"taxonomy":"post_tag","embeddable":true,"href":"https:\/\/jornaldeitaipava.com.br\/index.php\/wp-json\/wp\/v2\/tags?post=50075"}],"curies":[{"name":"wp","href":"https:\/\/api.w.org\/{rel}","templated":true}]}}