{"id":50080,"date":"2026-02-19T14:05:27","date_gmt":"2026-02-19T17:05:27","guid":{"rendered":"https:\/\/jornaldeitaipava.com.br\/?p=50080"},"modified":"2026-02-19T14:05:36","modified_gmt":"2026-02-19T17:05:36","slug":"interrupcao-de-terapias-e-descredenciamentos-levam-deputado-estadual-yuri-moura-e-maes-atipicas-a-ans-em-busca-de-apoio-urgente","status":"publish","type":"post","link":"https:\/\/jornaldeitaipava.com.br\/index.php\/2026\/02\/19\/interrupcao-de-terapias-e-descredenciamentos-levam-deputado-estadual-yuri-moura-e-maes-atipicas-a-ans-em-busca-de-apoio-urgente\/","title":{"rendered":"Interrup\u00e7\u00e3o de terapias e descredenciamentos levam deputado estadual Yuri Moura e m\u00e3es at\u00edpicas \u00e0 ANS em busca de apoio urgente"},"content":{"rendered":"\n<p class=\"has-text-align-center\"><strong>Reuni\u00e3o com o presidente Wadih Damous e o assessor Chico D\u2019\u00c2ngelo debateu suspens\u00e3o de atendimentos, falhas na rede credenciada e possibilidade de transfer\u00eancia de plano em regime especial<\/strong><\/p>\n\n\n\n<p>Em meio a relatos de terapias interrompidas, procedimentos suspensos e aus\u00eancia de respostas efetivas por parte de operadoras de sa\u00fade, o deputado estadual Yuri Moura participou de uma reuni\u00e3o na Ag\u00eancia Nacional de Sa\u00fade Suplementar (ANS) ao lado da Associa\u00e7\u00e3o Nenhum Direito a Menos para tratar da situa\u00e7\u00e3o de crian\u00e7as com defici\u00eancia, pacientes oncol\u00f3gicos e benefici\u00e1rios em tratamento de di\u00e1lise. O encontro ocorreu com o presidente da ag\u00eancia, Wadih Damous, e contou com a participa\u00e7\u00e3o do assessor Chico D\u2019\u00c2ngelo, que intermediou o di\u00e1logo institucional.<\/p>\n\n\n\n<p>Durante a reuni\u00e3o, foram apresentadas den\u00fancias de que cl\u00ednicas de reabilita\u00e7\u00e3o v\u00eam suspendendo terapias e atendimentos por falta de repasse financeiro da Unimed. Tamb\u00e9m foi exposto que a operadora tem ampliado sua rede credenciada com cl\u00ednicas sem qualifica\u00e7\u00e3o t\u00e9cnica e estrutura compat\u00edveis com as exig\u00eancias dos laudos m\u00e9dicos, resultando em atendimentos inadequados \u00e0s necessidades reais dos pacientes. Soma-se a isso o descredenciamento de m\u00e9dicos, redes hospitalares e laborat\u00f3rios por atraso ou aus\u00eancia de pagamento, o que reduz drasticamente a rede assistencial dispon\u00edvel e imp\u00f5e aos benefici\u00e1rios inseguran\u00e7a e risco de descontinuidade do cuidado.<\/p>\n\n\n\n<p>A presidente da Associa\u00e7\u00e3o Nenhum Direito a Menos, Fabiane Sim\u00e3o, destacou que \u00e9 primordial que as m\u00e3es sejam ouvidas diretamente pela dire\u00e7\u00e3o da ag\u00eancia reguladora e refor\u00e7ou a urg\u00eancia de medidas concretas. \u201cApresentamos todas as situa\u00e7\u00f5es que v\u00eam ocorrendo, como cl\u00ednicas que deixam de atender por falta de pagamento, m\u00e9dicos que n\u00e3o mant\u00eam as especialidades na rede e pacientes que permanecem sem resposta. Sa\u00edmos com a perspectiva de an\u00e1lise da possibilidade de transfer\u00eancia do plano sem car\u00eancia, em regime especial, para as fam\u00edlias que j\u00e1 n\u00e3o conseguem permanecer na operadora diante dessas falhas\u201d, afirmou.<\/p>\n\n\n\n<p>Fabiane ressaltou ainda que a interrup\u00e7\u00e3o de terapias compromete o desenvolvimento e a pr\u00f3pria qualidade de vida das crian\u00e7as atendidas. \u201cEssa reuni\u00e3o garante uma perspectiva para tentar superar um modelo de plano de sa\u00fade que est\u00e1 colapsando. A transfer\u00eancia sem car\u00eancia \u00e9 fundamental para proteger essas fam\u00edlias\u201d, declarou.<\/p>\n\n\n\n<p>Yuri Moura enfatizou que o mandato popular mant\u00e9m escuta ativa com as m\u00e3es at\u00edpicas e acompanha mais de 200 processos judiciais relacionados \u00e0 negativa ou \u00e0 suspens\u00e3o de cobertura assistencial. Segundo ele, a audi\u00eancia na ANS representa um passo institucional relevante diante da for\u00e7a econ\u00f4mica das operadoras de sa\u00fade. \u201c\u00c9 fundamental que a associa\u00e7\u00e3o seja recebida e que a presid\u00eancia da ag\u00eancia escute diretamente essas fam\u00edlias. Estamos construindo um caminho para garantir respeito \u00e0s m\u00e3es e aos seus filhos. Direito \u00e0 sa\u00fade n\u00e3o \u00e9 favor\u201d, afirmou o parlamentar.<\/p>\n\n\n\n<p>Ao final do encontro, ficou sinalizado que a ANS ir\u00e1 analisar a possibilidade de ado\u00e7\u00e3o de regime especial que permita a portabilidade sem cumprimento de car\u00eancia para usu\u00e1rios prejudicados, medida considerada estrat\u00e9gica para assegurar a continuidade de tratamentos essenciais e evitar novas interrup\u00e7\u00f5es.<\/p>\n","protected":false},"excerpt":{"rendered":"<p>Reuni\u00e3o com o presidente Wadih Damous e o assessor Chico D\u2019\u00c2ngelo debateu suspens\u00e3o de atendimentos,<\/p>\n","protected":false},"author":1,"featured_media":50081,"comment_status":"closed","ping_status":"open","sticky":false,"template":"","format":"standard","meta":{"spay_email":"","footnotes":"","jetpack_publicize_message":""},"categories":[24],"tags":[],"jetpack_featured_media_url":"https:\/\/i2.wp.com\/jornaldeitaipava.com.br\/wp-content\/uploads\/2026\/02\/WhatsApp-Image-2026-02-19-at-13.00.45.jpeg?fit=1600%2C1200&ssl=1","jetpack_publicize_connections":[],"jetpack_sharing_enabled":true,"jetpack_likes_enabled":true,"jetpack-related-posts":[],"_links":{"self":[{"href":"https:\/\/jornaldeitaipava.com.br\/index.php\/wp-json\/wp\/v2\/posts\/50080"}],"collection":[{"href":"https:\/\/jornaldeitaipava.com.br\/index.php\/wp-json\/wp\/v2\/posts"}],"about":[{"href":"https:\/\/jornaldeitaipava.com.br\/index.php\/wp-json\/wp\/v2\/types\/post"}],"author":[{"embeddable":true,"href":"https:\/\/jornaldeitaipava.com.br\/index.php\/wp-json\/wp\/v2\/users\/1"}],"replies":[{"embeddable":true,"href":"https:\/\/jornaldeitaipava.com.br\/index.php\/wp-json\/wp\/v2\/comments?post=50080"}],"version-history":[{"count":1,"href":"https:\/\/jornaldeitaipava.com.br\/index.php\/wp-json\/wp\/v2\/posts\/50080\/revisions"}],"predecessor-version":[{"id":50082,"href":"https:\/\/jornaldeitaipava.com.br\/index.php\/wp-json\/wp\/v2\/posts\/50080\/revisions\/50082"}],"wp:featuredmedia":[{"embeddable":true,"href":"https:\/\/jornaldeitaipava.com.br\/index.php\/wp-json\/wp\/v2\/media\/50081"}],"wp:attachment":[{"href":"https:\/\/jornaldeitaipava.com.br\/index.php\/wp-json\/wp\/v2\/media?parent=50080"}],"wp:term":[{"taxonomy":"category","embeddable":true,"href":"https:\/\/jornaldeitaipava.com.br\/index.php\/wp-json\/wp\/v2\/categories?post=50080"},{"taxonomy":"post_tag","embeddable":true,"href":"https:\/\/jornaldeitaipava.com.br\/index.php\/wp-json\/wp\/v2\/tags?post=50080"}],"curies":[{"name":"wp","href":"https:\/\/api.w.org\/{rel}","templated":true}]}}