{"id":50260,"date":"2026-03-03T17:49:06","date_gmt":"2026-03-03T20:49:06","guid":{"rendered":"http:\/\/jornaldeitaipava.com.br\/?p=50260"},"modified":"2026-03-03T17:49:08","modified_gmt":"2026-03-03T20:49:08","slug":"coro-da-escola-de-musica-santa-cecilia-abre-15-vagas-gratuitas-e-amplia-projeto-de-formacao-artistica-e-transformacao-social-em-petropolis","status":"publish","type":"post","link":"https:\/\/jornaldeitaipava.com.br\/index.php\/2026\/03\/03\/coro-da-escola-de-musica-santa-cecilia-abre-15-vagas-gratuitas-e-amplia-projeto-de-formacao-artistica-e-transformacao-social-em-petropolis\/","title":{"rendered":"Coro da Escola de M\u00fasica Santa Cec\u00edlia abre 15 vagas gratuitas e amplia projeto de forma\u00e7\u00e3o art\u00edstica e transforma\u00e7\u00e3o social em Petr\u00f3polis"},"content":{"rendered":"\n<p class=\"has-text-align-center\"><strong>Grupo criado em 2025 o Coro consolida proposta pedag\u00f3gica que une t\u00e9cnica vocal, desenvolvimento humano e inclus\u00e3o; inscri\u00e7\u00f5es seguem at\u00e9 17 de mar\u00e7o<\/strong><\/p>\n\n\n\n<p>A Escola de M\u00fasica Santa Cec\u00edlia est\u00e1 com inscri\u00e7\u00f5es abertas at\u00e9 ter\u00e7a-feira, 17 de mar\u00e7o, para o preenchimento de 15 novas vagas no Coro Santa Cec\u00edlia, projeto gratuito que re\u00fane participantes de 18 a 74 anos e que vem se consolidando como um dos espa\u00e7os de forma\u00e7\u00e3o art\u00edstica e desenvolvimento humano mais consistentes da cidade. Os ensaios s\u00e3o realizados \u00e0s quartas-feiras, das 19h30 \u00e0s 21h, no sexto andar da institui\u00e7\u00e3o, que disponibiliza quatro salas para ensaios gerais e de naipes, com estrutura adequada, ventila\u00e7\u00e3o, assentos e instrumentos de apoio. O ingresso ocorre por meio de inscri\u00e7\u00e3o via WhatsApp (24) 2242-2191, seguida de audi\u00e7\u00e3o oficial marcada para quarta-feira, 18 de mar\u00e7o, a partir das 19h.<\/p>\n\n\n\n<p>Criado em 2025, o coro surgiu a partir de uma proposta interna da dire\u00e7\u00e3o da escola. A ideia foi apresentada pelo diretor financeiro da institui\u00e7\u00e3o, Mairom Duarte, que confiou ao maestro Lucas Ribeiro a miss\u00e3o de estruturar e conduzir o grupo. A proposta inicial n\u00e3o era apenas formar um conjunto musical, mas estabelecer um coro formativo, capaz de integrar pessoas com experi\u00eancia pr\u00e9via em canto e outras que jamais haviam participado de uma pr\u00e1tica coral. \u201cA miss\u00e3o foi desenvolver um coro formativo que desse oportunidade tanto a pessoas bem preparadas quanto \u00e0quelas que nunca tiveram experi\u00eancia. Nosso objetivo foi preparar um grupo que se desenvolvesse dentro das t\u00e9cnicas da m\u00fasica e da voz, mas tamb\u00e9m construir um ambiente com pr\u00e1ticas musicoter\u00e1picas e fortalecimento humano\u201d, afirma o maestro.<\/p>\n\n\n\n<p>O primeiro ano de atividades foi descrito pela coordena\u00e7\u00e3o como satisfat\u00f3rio e desafiador. Aproximadamente 40 integrantes compuseram a forma\u00e7\u00e3o inicial. Partindo literalmente do zero, o grupo precisou estabelecer identidade, vis\u00e3o e metodologia pr\u00f3prias. \u201cConseguimos levantar excelentes l\u00edderes que me auxiliaram na propaga\u00e7\u00e3o da vis\u00e3o, dos valores, da miss\u00e3o e dos objetivos a serem alcan\u00e7ados. Constru\u00edmos uma verdadeira fam\u00edlia musical\u201d, destaca Lucas Ribeiro. Os encontros semanais consolidaram n\u00e3o apenas o aprendizado t\u00e9cnico, mas tamb\u00e9m v\u00ednculos interpessoais e senso de pertencimento.<\/p>\n\n\n\n<p>Entre os principais desafios enfrentados esteve a nivela\u00e7\u00e3o t\u00e9cnica entre integrantes com diferentes graus de conhecimento musical. \u201cT\u00ednhamos pessoas que j\u00e1 sabiam ler partitura e outras que nunca haviam tido contato com teoria musical. Esse processo de nivela\u00e7\u00e3o nos fortaleceu e gerou um ambiente de colabora\u00e7\u00e3o e desenvolvimento m\u00fatuo\u201d, explica o maestro. A metodologia incluiu t\u00e9cnica vocal \u2014 com \u00eanfase em respira\u00e7\u00e3o, coloca\u00e7\u00e3o vocal e afina\u00e7\u00e3o \u2014, teoria musical, leitura de partitura, expressividade, performance e constru\u00e7\u00e3o de repert\u00f3rio, sempre contextualizando o aprendizado \u00e0 realidade de cada coralista.<\/p>\n\n\n\n<p>O coro realizou duas apresenta\u00e7\u00f5es p\u00fablicas em 2025, ambas no Teatro Imperial. A primeira, intitulada \u201cPref\u00e1cio\u201d, ocorreu em 10 de setembro e celebrou um ano de atividades do grupo. O evento foi dividido em dois momentos: uma mini-palestra ministrada pelo maestro, chamada \u201cQuando a Voz Abre Caminhos\u201d, e a apresenta\u00e7\u00e3o musical propriamente dita. Na palestra, foram abordados temas como o poder da voz de criar, curar, revelar e manifestar mensagens pessoais, al\u00e9m da for\u00e7a das palavras tanto na fala quanto no canto. Em seguida, o grupo apresentou cinco m\u00fasicas, incluindo uma performance com percuss\u00e3o corporal que convidou o p\u00fablico a participar ativamente. \u201cFomos ousados ao chamar o p\u00fablico para cantar conosco. A experi\u00eancia foi contagiante, com muitas risadas e alegria\u201d, relembra Lucas Ribeiro.<\/p>\n\n\n\n<p>A segunda apresenta\u00e7\u00e3o reuniu o coro adulto com alunos da pr\u00f3pria escola e com o coro infantojuvenil Fora de S\u00e9rie, projeto desenvolvido em parceria com a ONG SOS Serra. A iniciativa ampliou o di\u00e1logo entre diferentes faixas et\u00e1rias e refor\u00e7ou o car\u00e1ter integrador da proposta.<\/p>\n\n\n\n<p>Para 2026, a abertura das 15 novas vagas representa a amplia\u00e7\u00e3o do coro j\u00e1 existente, que possui limite m\u00e1ximo de 40 integrantes. N\u00e3o haver\u00e1 divis\u00e3o paralela de grupos neste momento, mas a amplia\u00e7\u00e3o visa consolidar o trabalho iniciado no ano anterior e expandir o alcance art\u00edstico e social da iniciativa. \u201cPretendemos expandir nossas apresenta\u00e7\u00f5es, reajustar o que n\u00e3o foi plenamente desenvolvido no primeiro ano e transformar ainda mais vidas por meio da m\u00fasica \u2014 tanto dos que j\u00e1 est\u00e3o conosco quanto dos que ir\u00e3o chegar\u201d, projeta o maestro.<\/p>\n\n\n\n<p>O repert\u00f3rio previsto para este ano inclui m\u00fasica popular, m\u00fasica sacra e can\u00e7\u00f5es de musicais consagrados. Al\u00e9m dos ensaios regulares, os participantes ter\u00e3o acesso a oficinas complementares de t\u00e9cnica vocal, leitura de partitura e outras forma\u00e7\u00f5es espec\u00edficas. A agenda j\u00e1 prev\u00ea uma apresenta\u00e7\u00e3o comemorativa de dois anos do Coro Santa Cec\u00edlia, marcada para 12 de setembro, no Teatro Reynaldo Chaves.<\/p>\n\n\n\n<p>A proposta pedag\u00f3gica do coro est\u00e1 estruturada em tr\u00eas pilares integrados: forma\u00e7\u00e3o t\u00e9cnica vocal, desenvolvimento humano e transforma\u00e7\u00e3o social por meio da m\u00fasica. Segundo Lucas Ribeiro, a excel\u00eancia t\u00e9cnica \u00e9 tratada com seriedade, mas n\u00e3o \u00e9 o \u00fanico foco. \u201cO coro nasce com a inten\u00e7\u00e3o de formar pessoas conscientes, confiantes e alinhadas ao seu prop\u00f3sito. \u00c9 um ambiente de crescimento integral \u2014 art\u00edstico, emocional e relacional\u201d, afirma.<\/p>\n\n\n\n<p>A presidente volunt\u00e1ria da escola, Janine Meireles, destaca que o projeto est\u00e1 diretamente alinhado ao car\u00e1ter filantr\u00f3pico da institui\u00e7\u00e3o. \u201cA Escola de M\u00fasica Santa Cec\u00edlia tem uma trajet\u00f3ria marcada pelo compromisso com a forma\u00e7\u00e3o cultural e humana da cidade. O coro refor\u00e7a essa miss\u00e3o ao oferecer um espa\u00e7o gratuito de excel\u00eancia art\u00edstica e desenvolvimento pessoal\u201d, declara. Para ela, o impacto vai al\u00e9m do palco. \u201cQueremos que o coro seja reconhecido n\u00e3o apenas pela qualidade musical, mas pelo impacto social e formativo que promove na vida de cada participante.\u201d.<\/p>\n\n\n\n<p>O projeto tem car\u00e1ter inclusivo e aceita pessoas com diferentes n\u00edveis de habilidade vocal. Embora seja recomendada experi\u00eancia pr\u00e9via com o canto, o foco n\u00e3o est\u00e1 na sele\u00e7\u00e3o de vozes consideradas \u201cperfeitas\u201d, mas no desenvolvimento individual. \u201cO objetivo n\u00e3o \u00e9 selecionar os melhores, mas desenvolver cada voz dentro do seu pr\u00f3prio processo\u201d, refor\u00e7a o maestro.<\/p>\n\n\n\n<p>Sem cobran\u00e7a de mensalidade ou taxa de inscri\u00e7\u00e3o, o coro reafirma seu compromisso com o acesso democr\u00e1tico \u00e0 forma\u00e7\u00e3o musical. Para a coordena\u00e7\u00e3o, a expectativa \u00e9 consolidar o grupo como refer\u00eancia art\u00edstica e humana em Petr\u00f3polis, ampliando o repert\u00f3rio e a participa\u00e7\u00e3o em eventos culturais relevantes da cidade.<\/p>\n\n\n\n<p>Ao final, Lucas Ribeiro deixa uma mensagem \u00e0queles que ainda hesitam em se inscrever: \u201cSe voc\u00ea sente vontade de cantar, mas tem medo, isso j\u00e1 \u00e9 um sinal de que existe uma voz dentro de voc\u00ea pedindo espa\u00e7o. O coral n\u00e3o \u00e9 lugar para perfeitos, \u00e9 lugar para quem quer crescer. Sua voz importa. E quando ela se une a outras, algo maior acontece.\u201d.<\/p>\n\n\n\n<p>Mais informa\u00e7\u00f5es podem ser obtidas de segunda a sexta-feira, das 8h \u00e0s 20h, na sede da Escola de M\u00fasica Santa Cec\u00edlia, localizada na Rua General Os\u00f3rio, 192, Centro de Petr\u00f3polis, pelo telefone e WhatsApp (24) 2242-2191 ou pelas redes sociais @emusicasantacecilia (Instagram) e @santaceciliapetropolis (Facebook).<\/p>\n\n\n\n<p>SERVI\u00c7O<br>Escola de M\u00fasica Santa Cec\u00edlia<br>Rua General Os\u00f3rio, 192<br>(25620-160) Centro, Petr\u00f3polis \u2013 RJ<br>Google Maps: https:\/\/goo.gl\/maps\/y3euNmLBzsfcwtXv8<\/p>\n","protected":false},"excerpt":{"rendered":"<p>Grupo criado em 2025 o Coro consolida proposta pedag\u00f3gica que une t\u00e9cnica vocal, desenvolvimento humano<\/p>\n","protected":false},"author":1,"featured_media":50261,"comment_status":"closed","ping_status":"open","sticky":false,"template":"","format":"standard","meta":{"spay_email":"","footnotes":"","jetpack_publicize_message":""},"categories":[9],"tags":[],"jetpack_featured_media_url":"https:\/\/i2.wp.com\/jornaldeitaipava.com.br\/wp-content\/uploads\/2026\/03\/WhatsApp-Image-2026-03-03-at-16.27.37.jpeg?fit=828%2C546&ssl=1","jetpack_publicize_connections":[],"jetpack_sharing_enabled":true,"jetpack_likes_enabled":true,"jetpack-related-posts":[],"_links":{"self":[{"href":"https:\/\/jornaldeitaipava.com.br\/index.php\/wp-json\/wp\/v2\/posts\/50260"}],"collection":[{"href":"https:\/\/jornaldeitaipava.com.br\/index.php\/wp-json\/wp\/v2\/posts"}],"about":[{"href":"https:\/\/jornaldeitaipava.com.br\/index.php\/wp-json\/wp\/v2\/types\/post"}],"author":[{"embeddable":true,"href":"https:\/\/jornaldeitaipava.com.br\/index.php\/wp-json\/wp\/v2\/users\/1"}],"replies":[{"embeddable":true,"href":"https:\/\/jornaldeitaipava.com.br\/index.php\/wp-json\/wp\/v2\/comments?post=50260"}],"version-history":[{"count":1,"href":"https:\/\/jornaldeitaipava.com.br\/index.php\/wp-json\/wp\/v2\/posts\/50260\/revisions"}],"predecessor-version":[{"id":50262,"href":"https:\/\/jornaldeitaipava.com.br\/index.php\/wp-json\/wp\/v2\/posts\/50260\/revisions\/50262"}],"wp:featuredmedia":[{"embeddable":true,"href":"https:\/\/jornaldeitaipava.com.br\/index.php\/wp-json\/wp\/v2\/media\/50261"}],"wp:attachment":[{"href":"https:\/\/jornaldeitaipava.com.br\/index.php\/wp-json\/wp\/v2\/media?parent=50260"}],"wp:term":[{"taxonomy":"category","embeddable":true,"href":"https:\/\/jornaldeitaipava.com.br\/index.php\/wp-json\/wp\/v2\/categories?post=50260"},{"taxonomy":"post_tag","embeddable":true,"href":"https:\/\/jornaldeitaipava.com.br\/index.php\/wp-json\/wp\/v2\/tags?post=50260"}],"curies":[{"name":"wp","href":"https:\/\/api.w.org\/{rel}","templated":true}]}}