{"id":50292,"date":"2026-03-04T19:17:41","date_gmt":"2026-03-04T22:17:41","guid":{"rendered":"http:\/\/jornaldeitaipava.com.br\/?p=50292"},"modified":"2026-03-04T19:17:43","modified_gmt":"2026-03-04T22:17:43","slug":"vereador-leo-franca-tem-projeto-em-defesa-dos-rodoviarios-barrado-na-camara","status":"publish","type":"post","link":"https:\/\/jornaldeitaipava.com.br\/index.php\/2026\/03\/04\/vereador-leo-franca-tem-projeto-em-defesa-dos-rodoviarios-barrado-na-camara\/","title":{"rendered":"Vereador L\u00e9o Fran\u00e7a tem projeto em defesa dos rodovi\u00e1rios barrado na C\u00e2mara"},"content":{"rendered":"\n<p>O vereador L\u00e9o Fran\u00e7a apresentou, nesta ter\u00e7a-feira (03), um Projeto de Lei com o objetivo de garantir o pagamento do FGTS e do INSS aos rodovi\u00e1rios do munic\u00edpio. A proposta estabelecia a vincula\u00e7\u00e3o do repasse do Vale Educa\u00e7\u00e3o \u00e0s empresas de transporte p\u00fablico.<\/p>\n\n\n\n<p>Se aprovado, o projeto permitiria que as empresas recebessem os valores do Vale Educa\u00e7\u00e3o pela Prefeitura somente ap\u00f3s comprovarem a quita\u00e7\u00e3o do FGTS e do INSS de seus funcion\u00e1rios, vinculando o repasse de recursos p\u00fablicos ao cumprimento das obriga\u00e7\u00f5es trabalhistas e previdenci\u00e1rias.<\/p>\n\n\n\n<p>\u201cA proposta visava garantir direitos b\u00e1sicos aos trabalhadores e fortalecer a fiscaliza\u00e7\u00e3o, sem gerar novos custos para o munic\u00edpio\u201d, ressalta L\u00e9o Fran\u00e7a.<\/p>\n\n\n\n<p>Apesar da relev\u00e2ncia social da proposta, o projeto foi rejeitado pela maioria na C\u00e2mara Municipal.<\/p>\n\n\n\n<p>Para o vereador L\u00e9o Fran\u00e7a, a decis\u00e3o representa um retrocesso na defesa dos trabalhadores. \u201cEstamos falando de uma medida simples, objetiva e necess\u00e1ria para garantir direitos b\u00e1sicos aos rodovi\u00e1rios. N\u00e3o podemos aceitar que recursos p\u00fablicos sejam repassados sem a garantia de que as obriga\u00e7\u00f5es trabalhistas estejam sendo cumpridas. Causa indigna\u00e7\u00e3o ver que o mesmo prefeito que instituiu o Vale Educa\u00e7\u00e3o orienta sua base a votar contra uma iniciativa que apenas condiciona o benef\u00edcio ao cumprimento da lei trabalhista\u201d, afirma o vereador.<\/p>\n","protected":false},"excerpt":{"rendered":"<p>O vereador L\u00e9o Fran\u00e7a apresentou, nesta ter\u00e7a-feira (03), um Projeto de Lei com o objetivo<\/p>\n","protected":false},"author":1,"featured_media":50293,"comment_status":"closed","ping_status":"open","sticky":false,"template":"","format":"standard","meta":{"spay_email":"","footnotes":"","jetpack_publicize_message":""},"categories":[2],"tags":[],"jetpack_featured_media_url":"https:\/\/i2.wp.com\/jornaldeitaipava.com.br\/wp-content\/uploads\/2026\/03\/WhatsApp-Image-2026-03-04-at-12.32.05.jpeg?fit=1280%2C853&ssl=1","jetpack_publicize_connections":[],"jetpack_sharing_enabled":true,"jetpack_likes_enabled":true,"jetpack-related-posts":[],"_links":{"self":[{"href":"https:\/\/jornaldeitaipava.com.br\/index.php\/wp-json\/wp\/v2\/posts\/50292"}],"collection":[{"href":"https:\/\/jornaldeitaipava.com.br\/index.php\/wp-json\/wp\/v2\/posts"}],"about":[{"href":"https:\/\/jornaldeitaipava.com.br\/index.php\/wp-json\/wp\/v2\/types\/post"}],"author":[{"embeddable":true,"href":"https:\/\/jornaldeitaipava.com.br\/index.php\/wp-json\/wp\/v2\/users\/1"}],"replies":[{"embeddable":true,"href":"https:\/\/jornaldeitaipava.com.br\/index.php\/wp-json\/wp\/v2\/comments?post=50292"}],"version-history":[{"count":1,"href":"https:\/\/jornaldeitaipava.com.br\/index.php\/wp-json\/wp\/v2\/posts\/50292\/revisions"}],"predecessor-version":[{"id":50294,"href":"https:\/\/jornaldeitaipava.com.br\/index.php\/wp-json\/wp\/v2\/posts\/50292\/revisions\/50294"}],"wp:featuredmedia":[{"embeddable":true,"href":"https:\/\/jornaldeitaipava.com.br\/index.php\/wp-json\/wp\/v2\/media\/50293"}],"wp:attachment":[{"href":"https:\/\/jornaldeitaipava.com.br\/index.php\/wp-json\/wp\/v2\/media?parent=50292"}],"wp:term":[{"taxonomy":"category","embeddable":true,"href":"https:\/\/jornaldeitaipava.com.br\/index.php\/wp-json\/wp\/v2\/categories?post=50292"},{"taxonomy":"post_tag","embeddable":true,"href":"https:\/\/jornaldeitaipava.com.br\/index.php\/wp-json\/wp\/v2\/tags?post=50292"}],"curies":[{"name":"wp","href":"https:\/\/api.w.org\/{rel}","templated":true}]}}