{"id":50297,"date":"2026-03-04T19:20:29","date_gmt":"2026-03-04T22:20:29","guid":{"rendered":"http:\/\/jornaldeitaipava.com.br\/?p=50297"},"modified":"2026-03-04T19:20:31","modified_gmt":"2026-03-04T22:20:31","slug":"jornada-da-virada-climatica-da-unifase-leva-debate-sobre-radiacao-solar-e-equilibrio-do-clima-a-comunidade","status":"publish","type":"post","link":"https:\/\/jornaldeitaipava.com.br\/index.php\/2026\/03\/04\/jornada-da-virada-climatica-da-unifase-leva-debate-sobre-radiacao-solar-e-equilibrio-do-clima-a-comunidade\/","title":{"rendered":"Jornada da Virada Clim\u00e1tica da UNIFASE leva debate sobre radia\u00e7\u00e3o solar e equil\u00edbrio do clima \u00e0 comunidade"},"content":{"rendered":"\n<p class=\"has-text-align-center\"><strong>Programa\u00e7\u00e3o inclui roda de conversa e sala de espera abertas ao p\u00fablico, com linguagem acess\u00edvel, destacando a import\u00e2ncia do equil\u00edbrio ambiental para a manuten\u00e7\u00e3o da vida no planeta<\/strong><\/p>\n\n\n\n<p>O evento &#8220;A din\u00e2mica da radia\u00e7\u00e3o solar e sua interrela\u00e7\u00e3o com a atmosfera do planeta Terra \u2013 A necessidade de equilibrar o clima para a manuten\u00e7\u00e3o da vida no planeta&#8221; \u00e9 o tema que ser\u00e1 debatido em dois encontros promovidos pela UNIFASE, em datas e locais diferentes, ampliando o acesso do p\u00fablico \u00e0 discuss\u00e3o.<\/p>\n\n\n\n<p>A primeira atividade ser\u00e1 a Roda de Conversa, no dia 10 de mar\u00e7o, \u00e0s 15h, no Audit\u00f3rio do Centro Cultural da UNIFASE, localizado na Av. Bar\u00e3o do Rio Branco, n\u00ba 1003. J\u00e1 no dia 13 de mar\u00e7o, o tema retorna em formato de Sala de Espera, \u00e0s 8h, no Ambulat\u00f3rio Escola da UNIFASE, localizado na Rua Hyvio Naliato, n\u00ba 869. Ambas as atividades s\u00e3o abertas ao p\u00fablico e integram a programa\u00e7\u00e3o da 4\u00aa Jornada da Virada Clim\u00e1tica.<\/p>\n\n\n\n<p>Os encontros ser\u00e3o conduzidos por Fabr\u00edcio Quadrio, graduando em Geografia pela Universidade do Estado do Rio de Janeiro (UERJ).<\/p>\n\n\n\n<p>Diferentemente de abordagens centradas apenas em estat\u00edsticas e percentuais sobre eventos extremos, a proposta \u00e9 discutir os conceitos fundamentais que explicam como o ambiente funciona. A ideia \u00e9 compreender de que maneira a radia\u00e7\u00e3o solar interage com a atmosfera terrestre e por que o equil\u00edbrio clim\u00e1tico \u00e9 essencial para a manuten\u00e7\u00e3o da vida no planeta.<\/p>\n\n\n\n<p>&#8220;Debater esse tema \u00e9 fundamental para fortalecer e renovar a consci\u00eancia ambiental, compreendendo de forma mais clara como o ambiente funciona e por que \u00e9 essencial manter seu equil\u00edbrio. Diversos fatores influenciam o sistema clim\u00e1tico e os ecossistemas, e conhecer essa din\u00e2mica \u00e9 o primeiro passo para agir de maneira respons\u00e1vel. Ao entender esses processos, torna-se poss\u00edvel adotar pr\u00e1ticas mais sustent\u00e1veis, baseadas no cuidado com o meio ambiente, na coopera\u00e7\u00e3o entre as pessoas e na constru\u00e7\u00e3o de um modelo de desenvolvimento social mais equilibrado. Isso tamb\u00e9m implica rever usos e costumes, transformando h\u00e1bitos cotidianos para que promovam e garantam a perman\u00eancia da vida no planeta&#8221;, explica Fabr\u00edcio.<\/p>\n\n\n\n<p>&#8220;A principal mensagem \u00e9 que precisamos cultivar amor, cuidado e respeito pela natureza, pelos nossos semelhantes e pelo planeta. A Terra seguir\u00e1 existindo independentemente de n\u00f3s, mas a nossa vida depende diretamente dela&#8221;, completa.<\/p>\n\n\n\n<p>A programa\u00e7\u00e3o completa da 4\u00aa Jornada da Virada Clim\u00e1tica pode ser conferida no site:<br>https:\/\/www.unifase-rj.edu.br\/evento-de-extensao\/iv-jornada-da-virada-climatica<\/p>\n\n\n\n<p>Servi\u00e7o<\/p>\n\n\n\n<p>&#8220;A din\u00e2mica da radia\u00e7\u00e3o solar e sua interrela\u00e7\u00e3o com a atmosfera do planeta Terra \u2013 A necessidade de equilibrar o clima para a manuten\u00e7\u00e3o da vida no planeta&#8221;<\/p>\n\n\n\n<p>Roda de Conversa<br>Dia: 10 de mar\u00e7o<br>Hor\u00e1rio: 15h \u00e0s 18h<br>Local: Audit\u00f3rio do Centro Cultural \u2013 UNIFASE \u2013 Avenida Bar\u00e3o do Rio Branco, 1.003.<\/p>\n\n\n\n<p>Sala de Espera<br>Dia: 13 de mar\u00e7o de 2026<br>Hor\u00e1rio: 8h \u00e0s 10h<br>Local: AMBE II \u2013 UNIFASE \u2013 Rua Hyvio Naliato, 869 \u2013 Cascatinha.<\/p>\n","protected":false},"excerpt":{"rendered":"<p>Programa\u00e7\u00e3o inclui roda de conversa e sala de espera abertas ao p\u00fablico, com linguagem acess\u00edvel,<\/p>\n","protected":false},"author":1,"featured_media":44840,"comment_status":"closed","ping_status":"open","sticky":false,"template":"","format":"standard","meta":{"spay_email":"","footnotes":"","jetpack_publicize_message":""},"categories":[9],"tags":[],"jetpack_featured_media_url":"https:\/\/i0.wp.com\/jornaldeitaipava.com.br\/wp-content\/uploads\/2025\/03\/Campus-UNIFASE.jpeg?fit=1600%2C1200&ssl=1","jetpack_publicize_connections":[],"jetpack_sharing_enabled":true,"jetpack_likes_enabled":true,"jetpack-related-posts":[],"_links":{"self":[{"href":"https:\/\/jornaldeitaipava.com.br\/index.php\/wp-json\/wp\/v2\/posts\/50297"}],"collection":[{"href":"https:\/\/jornaldeitaipava.com.br\/index.php\/wp-json\/wp\/v2\/posts"}],"about":[{"href":"https:\/\/jornaldeitaipava.com.br\/index.php\/wp-json\/wp\/v2\/types\/post"}],"author":[{"embeddable":true,"href":"https:\/\/jornaldeitaipava.com.br\/index.php\/wp-json\/wp\/v2\/users\/1"}],"replies":[{"embeddable":true,"href":"https:\/\/jornaldeitaipava.com.br\/index.php\/wp-json\/wp\/v2\/comments?post=50297"}],"version-history":[{"count":1,"href":"https:\/\/jornaldeitaipava.com.br\/index.php\/wp-json\/wp\/v2\/posts\/50297\/revisions"}],"predecessor-version":[{"id":50298,"href":"https:\/\/jornaldeitaipava.com.br\/index.php\/wp-json\/wp\/v2\/posts\/50297\/revisions\/50298"}],"wp:featuredmedia":[{"embeddable":true,"href":"https:\/\/jornaldeitaipava.com.br\/index.php\/wp-json\/wp\/v2\/media\/44840"}],"wp:attachment":[{"href":"https:\/\/jornaldeitaipava.com.br\/index.php\/wp-json\/wp\/v2\/media?parent=50297"}],"wp:term":[{"taxonomy":"category","embeddable":true,"href":"https:\/\/jornaldeitaipava.com.br\/index.php\/wp-json\/wp\/v2\/categories?post=50297"},{"taxonomy":"post_tag","embeddable":true,"href":"https:\/\/jornaldeitaipava.com.br\/index.php\/wp-json\/wp\/v2\/tags?post=50297"}],"curies":[{"name":"wp","href":"https:\/\/api.w.org\/{rel}","templated":true}]}}