{"id":50302,"date":"2026-03-04T19:23:52","date_gmt":"2026-03-04T22:23:52","guid":{"rendered":"http:\/\/jornaldeitaipava.com.br\/?p=50302"},"modified":"2026-03-04T19:23:54","modified_gmt":"2026-03-04T22:23:54","slug":"estreias-marcam-nova-programacao-do-cinemaxx-bauhaus-exclusive-e-classicos-cinemaxx-apresenta-sessao-especial-de-kill-bill","status":"publish","type":"post","link":"https:\/\/jornaldeitaipava.com.br\/index.php\/2026\/03\/04\/estreias-marcam-nova-programacao-do-cinemaxx-bauhaus-exclusive-e-classicos-cinemaxx-apresenta-sessao-especial-de-kill-bill\/","title":{"rendered":"Estreias marcam nova programa\u00e7\u00e3o do Cinemaxx Bauhaus Exclusive e Cl\u00e1ssicos Cinemaxx apresenta sess\u00e3o especial de \u201cKill Bill\u201d"},"content":{"rendered":"\n<p>Anima\u00e7\u00e3o in\u00e9dita, drama indicado ao Oscar e exibi\u00e7\u00e3o especial do cl\u00e1ssico de Quentin Tarantino est\u00e3o entre os destaques da semana no cinema de Petr\u00f3polis<\/p>\n\n\n\n<p>A programa\u00e7\u00e3o do Cinemaxx Bauhaus Exclusive, localizado na Rua Dr. Nelson de S\u00e1 Earp, 88, no Centro de Petr\u00f3polis, come\u00e7a nesta quinta-feira, 5 de mar\u00e7o, e segue at\u00e9 quarta-feira, 11 de mar\u00e7o, reunindo estreias, produ\u00e7\u00f5es consagradas e uma sess\u00e3o especial da mostra Cl\u00e1ssicos Cinemaxx. Entre os destaques est\u00e3o a anima\u00e7\u00e3o in\u00e9dita \u201cCara de Um, Focinho de Outro\u201d, o drama internacional \u201cSir\u00e2t\u201d, indicado ao Oscar 2026 de Melhor Filme Internacional, al\u00e9m da exibi\u00e7\u00e3o especial de \u201cKill Bill: The Whole Bloody Affair\u201d, vers\u00e3o que re\u00fane os dois filmes de Quentin Tarantino em uma \u00fanica narrativa.<\/p>\n\n\n\n<p>A estreia da semana \u00e9 \u201cCara de Um, Focinho de Outro\u201d, anima\u00e7\u00e3o familiar com classifica\u00e7\u00e3o livre, exibida em 2D e dublada \u00e0s 15h20. N\u00e3o haver\u00e1 sess\u00e3o \u00e0s sextas-feiras e segundas-feiras. A produ\u00e7\u00e3o acompanha Mabel, uma jovem apaixonada por animais que utiliza uma tecnologia inovadora capaz de transferir sua consci\u00eancia para o corpo de um castor rob\u00f3tico, permitindo que ela explore o mundo animal de uma perspectiva in\u00e9dita. Durante essa jornada, Mabel descobre uma amea\u00e7a representada pelo prefeito anti-animal Jerry, que pretende acabar com a conviv\u00eancia entre humanos e animais. Disfar\u00e7ada como uma marmota rob\u00f4, ela precisa descobrir os planos do pol\u00edtico e proteger seus amigos de patas e penas em uma hist\u00f3ria que mistura aventura, emo\u00e7\u00e3o e reflex\u00f5es sobre empatia.<\/p>\n\n\n\n<p>Tamb\u00e9m estreia na programa\u00e7\u00e3o o drama \u201cSir\u00e2t\u201d, com classifica\u00e7\u00e3o indicativa de 16 anos, exibido em 2D e legendado \u00e0s 17h50, com sess\u00f5es somente quinta-feira, s\u00e1bado e ter\u00e7a-feira. O filme acompanha a jornada de Luis e Esteban, pai e filho que viajam ao Marrocos em busca de Marina, filha e irm\u00e3 que desapareceu meses antes durante uma rave nas montanhas do deserto. Ao distribuir fotos da jovem entre frequentadores dessas festas, os dois acabam seguindo um grupo que procura uma \u00faltima celebra\u00e7\u00e3o no meio do deserto. Apesar das tentativas de dissuas\u00e3o, a dupla se junta aos cinco amigos e, ao longo da viagem, os sete desenvolvem um forte v\u00ednculo enquanto compartilham hist\u00f3rias de vida e enfrentam obst\u00e1culos at\u00e9 chegar ao destino, movidos pela esperan\u00e7a de reencontrar Marina.<\/p>\n\n\n\n<p>Em sua quarta semana em cartaz, \u201cO Morro dos Ventos Uivantes\u201d, drama rom\u00e2ntico com classifica\u00e7\u00e3o de 16 anos, ter\u00e1 sess\u00e3o em 2D e legendada \u00e0s 17h50, somente no domingo. Inspirado no cl\u00e1ssico liter\u00e1rio, o filme acompanha as fam\u00edlias Earnshaw e Linton e se concentra na intensa rela\u00e7\u00e3o entre Catherine Earnshaw e Heathcliff. O romance entre os dois jovens \u00e9 marcado por obsess\u00e3o, rejei\u00e7\u00e3o e vingan\u00e7a, criando uma narrativa de paix\u00e3o arrebatadora que impacta profundamente a vida de todos ao redor.<\/p>\n\n\n\n<p>O document\u00e1rio musical \u201cEPIC: Elvis Presley in Concert\u201d chega \u00e0 segunda semana de exibi\u00e7\u00e3o, com classifica\u00e7\u00e3o de 12 anos, em sess\u00e3o 2D legendada \u00e0s 15h20 somente na sexta-feira. O filme re\u00fane imagens raras e in\u00e9ditas de arquivo de duas turn\u00eas hist\u00f3ricas de Elvis Presley: \u201cThat\u2019s the Way It Is\u201d e \u201cElvis on Tour\u201d. O material foi descoberto pelo diretor Baz Luhrmann nos est\u00fadios da Warner durante a pesquisa para sua cinebiografia sobre o artista. Entre os registros recuperados est\u00e1 a famosa apresenta\u00e7\u00e3o de Elvis no Hava\u00ed, em 1957, quando o cantor usou seu ic\u00f4nico palet\u00f3 dourado. Ap\u00f3s um processo de restaura\u00e7\u00e3o das imagens e do \u00e1udio, o material foi editado e transformado em um document\u00e1rio que revisita a energia e o legado do Rei do Rock.<\/p>\n\n\n\n<p>Tamb\u00e9m em sua segunda semana, o suspense e terror \u201cP\u00e2nico 7\u201d, com classifica\u00e7\u00e3o de 18 anos, ser\u00e1 exibido em 2D e dublado \u00e0s 20h20. N\u00e3o haver\u00e1 sess\u00f5es \u00e0s sextas-feiras, segundas-feiras e quartas-feiras. O novo cap\u00edtulo da franquia traz o retorno de Sidney Prescott, novamente perseguida por um assassino que assume a identidade de Ghostface. Desta vez, o criminoso surge na cidade onde ela vive com a filha, transformando a jovem no novo alvo da amea\u00e7a. Para proteger sua fam\u00edlia, Sidney precisa enfrentar novamente os traumas do passado e tentar encerrar de vez a sequ\u00eancia de crimes que a acompanha h\u00e1 d\u00e9cadas.<\/p>\n\n\n\n<p>A programa\u00e7\u00e3o inclui ainda a mostra especial Cl\u00e1ssicos Cinemaxx, que apresenta \u201cKill Bill: The Whole Bloody Affair\u201d, em duas exibi\u00e7\u00f5es \u00fanicas, na sexta-feira e na quarta-feira, \u00e0s 18h10, em vers\u00e3o 2D legendada e com classifica\u00e7\u00e3o de 18 anos. A produ\u00e7\u00e3o re\u00fane os dois volumes da saga criada por Quentin Tarantino em um \u00fanico longa-metragem, como idealizado originalmente pelo diretor. A vers\u00e3o especial elimina a divis\u00e3o narrativa entre os filmes e inclui sequ\u00eancias e anima\u00e7\u00f5es in\u00e9ditas produzidas para o projeto, criando uma experi\u00eancia cont\u00ednua da hist\u00f3ria de vingan\u00e7a protagonizada pela ic\u00f4nica Noiva.<\/p>\n\n\n\n<p>Ingressos e itens da bomboniere como pipoca, \u00e1gua, refrigerante podem ser adquiridos diretamente na bilheteria das unidades com pagamentos em dinheiro. Nos ATM\u2019S (guich\u00ea de atendimento autom\u00e1tico) o pagam<\/p>\n","protected":false},"excerpt":{"rendered":"<p>Anima\u00e7\u00e3o in\u00e9dita, drama indicado ao Oscar e exibi\u00e7\u00e3o especial do cl\u00e1ssico de Quentin Tarantino est\u00e3o<\/p>\n","protected":false},"author":1,"featured_media":50303,"comment_status":"closed","ping_status":"open","sticky":false,"template":"","format":"standard","meta":{"spay_email":"","footnotes":"","jetpack_publicize_message":""},"categories":[1],"tags":[],"jetpack_featured_media_url":"https:\/\/i0.wp.com\/jornaldeitaipava.com.br\/wp-content\/uploads\/2026\/03\/WhatsApp-Image-2026-03-04-at-11.31.34.jpeg?fit=1600%2C900&ssl=1","jetpack_publicize_connections":[],"jetpack_sharing_enabled":true,"jetpack_likes_enabled":true,"jetpack-related-posts":[],"_links":{"self":[{"href":"https:\/\/jornaldeitaipava.com.br\/index.php\/wp-json\/wp\/v2\/posts\/50302"}],"collection":[{"href":"https:\/\/jornaldeitaipava.com.br\/index.php\/wp-json\/wp\/v2\/posts"}],"about":[{"href":"https:\/\/jornaldeitaipava.com.br\/index.php\/wp-json\/wp\/v2\/types\/post"}],"author":[{"embeddable":true,"href":"https:\/\/jornaldeitaipava.com.br\/index.php\/wp-json\/wp\/v2\/users\/1"}],"replies":[{"embeddable":true,"href":"https:\/\/jornaldeitaipava.com.br\/index.php\/wp-json\/wp\/v2\/comments?post=50302"}],"version-history":[{"count":1,"href":"https:\/\/jornaldeitaipava.com.br\/index.php\/wp-json\/wp\/v2\/posts\/50302\/revisions"}],"predecessor-version":[{"id":50304,"href":"https:\/\/jornaldeitaipava.com.br\/index.php\/wp-json\/wp\/v2\/posts\/50302\/revisions\/50304"}],"wp:featuredmedia":[{"embeddable":true,"href":"https:\/\/jornaldeitaipava.com.br\/index.php\/wp-json\/wp\/v2\/media\/50303"}],"wp:attachment":[{"href":"https:\/\/jornaldeitaipava.com.br\/index.php\/wp-json\/wp\/v2\/media?parent=50302"}],"wp:term":[{"taxonomy":"category","embeddable":true,"href":"https:\/\/jornaldeitaipava.com.br\/index.php\/wp-json\/wp\/v2\/categories?post=50302"},{"taxonomy":"post_tag","embeddable":true,"href":"https:\/\/jornaldeitaipava.com.br\/index.php\/wp-json\/wp\/v2\/tags?post=50302"}],"curies":[{"name":"wp","href":"https:\/\/api.w.org\/{rel}","templated":true}]}}