{"id":50310,"date":"2026-03-04T19:28:30","date_gmt":"2026-03-04T22:28:30","guid":{"rendered":"http:\/\/jornaldeitaipava.com.br\/?p=50310"},"modified":"2026-03-04T19:28:32","modified_gmt":"2026-03-04T22:28:32","slug":"prefeitura-abre-consulta-publica-para-debater-melhorias-na-sinalizacao-em-tres-areas-de-correas","status":"publish","type":"post","link":"https:\/\/jornaldeitaipava.com.br\/index.php\/2026\/03\/04\/prefeitura-abre-consulta-publica-para-debater-melhorias-na-sinalizacao-em-tres-areas-de-correas\/","title":{"rendered":"Prefeitura abre consulta p\u00fablica para debater melhorias na sinaliza\u00e7\u00e3o em tr\u00eas \u00e1reas de Corr\u00eaas"},"content":{"rendered":"\n<p>Formul\u00e1rio online est\u00e1 dispon\u00edvel no site da Prefeitura.<\/p>\n\n\n\n<p>A Prefeitura abriu uma consulta p\u00fablica para debater os avan\u00e7os e propor melhorias na sinaliza\u00e7\u00e3o vi\u00e1ria em tr\u00eas pontos da regi\u00e3o de Corr\u00eaas. A iniciativa contempla o entorno do terminal rodovi\u00e1rio (na Estrada Uni\u00e3o e Ind\u00fastria), a Rua Carvalho J\u00fanior e a pra\u00e7a. O formul\u00e1rio est\u00e1 dispon\u00edvel no site da Prefeitura (petropolis.rj.gov.br).<\/p>\n\n\n\n<p>Moradores, comerciantes e motoristas podem contribuir com sugest\u00f5es e responder a um question\u00e1rio que vai auxiliar a Companhia Petropolitana de Tr\u00e2nsito e Transportes (CPTrans) a entender n\u00e3o apenas as principais necessidades locais, mas tamb\u00e9m o perfil de quem circula pela regi\u00e3o.<\/p>\n\n\n\n<p>Entre as perguntas est\u00e3o a forma de deslocamento mais frequente, como carro, \u00f4nibus, bicicleta, moto ou a p\u00e9, al\u00e9m da frequ\u00eancia com que passam pela regi\u00e3o. A participa\u00e7\u00e3o \u00e9 gratuita e o preenchimento leva apenas alguns minutos.<\/p>\n\n\n\n<p>\u201cA participa\u00e7\u00e3o dos moradores \u00e9 fundamental para que possamos planejar interven\u00e7\u00f5es mais eficientes e alinhadas com a realidade de quem vive e circula por Corr\u00eaas. Estamos construindo solu\u00e7\u00f5es de forma coletiva, ouvindo a popula\u00e7\u00e3o e promovendo melhorias que impactam diretamente na mobilidade e na organiza\u00e7\u00e3o do espa\u00e7o p\u00fablico\u201d, destacou o prefeito Hingo Hammes.<\/p>\n\n\n\n<p>O presidente da CPTrans, Luciano Moreira, explicou que a consulta p\u00fablica \u00e9 uma etapa importante para embasar tecnicamente as futuras interven\u00e7\u00f5es. \u201cA partir das respostas, conseguimos mapear fluxos, identificar padr\u00f5es de circula\u00e7\u00e3o e compreender as demandas espec\u00edficas de cada \u00e1rea. Isso nos permite propor ajustes na sinaliza\u00e7\u00e3o vertical e horizontal, reorganizar vagas, disciplinar pontos de carga e descarga e otimizar o uso do espa\u00e7o p\u00fablico, garantindo mais seguran\u00e7a e fluidez no tr\u00e2nsito\u201d, afirmou.<\/p>\n\n\n\n<p>A consulta segue o mesmo modelo adotado na regi\u00e3o do \u201c17\u201d, no Bingen, onde j\u00e1 come\u00e7aram a ser implantadas as medidas definidas a partir da escuta da popula\u00e7\u00e3o. Entre elas a cria\u00e7\u00e3o de novos espa\u00e7os para carga e descarga, implementa\u00e7\u00e3o de estacionamento rotativo e readequa\u00e7\u00f5es na sinaliza\u00e7\u00e3o vi\u00e1ria.<\/p>\n\n\n\n<p>Agora, a expectativa \u00e9 que o processo participativo em Corr\u00eaas contribua para um planejamento mais eficiente, promovendo melhorias na mobilidade urbana e na conviv\u00eancia entre pedestres, ciclistas e motoristas na regi\u00e3o.<\/p>\n","protected":false},"excerpt":{"rendered":"<p>Formul\u00e1rio online est\u00e1 dispon\u00edvel no site da Prefeitura. A Prefeitura abriu uma consulta p\u00fablica para<\/p>\n","protected":false},"author":1,"featured_media":45424,"comment_status":"closed","ping_status":"open","sticky":false,"template":"","format":"standard","meta":{"spay_email":"","footnotes":"","jetpack_publicize_message":""},"categories":[24],"tags":[],"jetpack_featured_media_url":"https:\/\/i0.wp.com\/jornaldeitaipava.com.br\/wp-content\/uploads\/2025\/04\/Uniao-e-Industria-Terminal-de-Correas.jpeg?fit=900%2C506&ssl=1","jetpack_publicize_connections":[],"jetpack_sharing_enabled":true,"jetpack_likes_enabled":true,"jetpack-related-posts":[],"_links":{"self":[{"href":"https:\/\/jornaldeitaipava.com.br\/index.php\/wp-json\/wp\/v2\/posts\/50310"}],"collection":[{"href":"https:\/\/jornaldeitaipava.com.br\/index.php\/wp-json\/wp\/v2\/posts"}],"about":[{"href":"https:\/\/jornaldeitaipava.com.br\/index.php\/wp-json\/wp\/v2\/types\/post"}],"author":[{"embeddable":true,"href":"https:\/\/jornaldeitaipava.com.br\/index.php\/wp-json\/wp\/v2\/users\/1"}],"replies":[{"embeddable":true,"href":"https:\/\/jornaldeitaipava.com.br\/index.php\/wp-json\/wp\/v2\/comments?post=50310"}],"version-history":[{"count":1,"href":"https:\/\/jornaldeitaipava.com.br\/index.php\/wp-json\/wp\/v2\/posts\/50310\/revisions"}],"predecessor-version":[{"id":50311,"href":"https:\/\/jornaldeitaipava.com.br\/index.php\/wp-json\/wp\/v2\/posts\/50310\/revisions\/50311"}],"wp:featuredmedia":[{"embeddable":true,"href":"https:\/\/jornaldeitaipava.com.br\/index.php\/wp-json\/wp\/v2\/media\/45424"}],"wp:attachment":[{"href":"https:\/\/jornaldeitaipava.com.br\/index.php\/wp-json\/wp\/v2\/media?parent=50310"}],"wp:term":[{"taxonomy":"category","embeddable":true,"href":"https:\/\/jornaldeitaipava.com.br\/index.php\/wp-json\/wp\/v2\/categories?post=50310"},{"taxonomy":"post_tag","embeddable":true,"href":"https:\/\/jornaldeitaipava.com.br\/index.php\/wp-json\/wp\/v2\/tags?post=50310"}],"curies":[{"name":"wp","href":"https:\/\/api.w.org\/{rel}","templated":true}]}}