{"id":50312,"date":"2026-03-05T09:11:00","date_gmt":"2026-03-05T12:11:00","guid":{"rendered":"http:\/\/jornaldeitaipava.com.br\/?p=50312"},"modified":"2026-03-04T19:29:33","modified_gmt":"2026-03-04T22:29:33","slug":"projeto-de-lei-que-formaliza-bairros-de-petropolis-sera-enviado-para-camara-municipal","status":"publish","type":"post","link":"https:\/\/jornaldeitaipava.com.br\/index.php\/2026\/03\/05\/projeto-de-lei-que-formaliza-bairros-de-petropolis-sera-enviado-para-camara-municipal\/","title":{"rendered":"Projeto de lei que formaliza bairros de Petr\u00f3polis ser\u00e1 enviado para C\u00e2mara Municipal"},"content":{"rendered":"\n<p>A Prefeitura vai encaminhar para an\u00e1lise e vota\u00e7\u00e3o da C\u00e2mara Municipal o projeto de lei que formaliza os bairros de Petr\u00f3polis. O secret\u00e1rio de Planejamento e Or\u00e7amento e presidente do Conselho Revisor do Plano Diretor (CRPD), Fred Proc\u00f3pio, se reuniu com Instituto Hist\u00f3rico de Petr\u00f3polis (IHP), Clube 29 de Junho e guias de turismo que atuam na cidade para finalizar os \u00faltimos detalhes do texto.<\/p>\n\n\n\n<p>&#8220;Estamos enviando para a C\u00e2mara o projeto de lei onde vamos resolver, de uma vez por todas, a quest\u00e3o da denomina\u00e7\u00e3o dos bairros de Petr\u00f3polis. \u00c9 um processo que j\u00e1 deveria ter sido feito h\u00e1 mais de uma d\u00e9cada, s\u00f3 agora vai se tornar realidade no nosso munic\u00edpio&#8221;, destacou o prefeito Hingo Hammes.<\/p>\n\n\n\n<p>No ano passado a elabora\u00e7\u00e3o de um estudo t\u00e9cnico avan\u00e7ou e uma proposta inicial de cria\u00e7\u00e3o de bairros em 44 localidades foi apresentada e aprovada pelo CRPD. A proposta levou em considera\u00e7\u00e3o informa\u00e7\u00f5es usadas para o Censo de 2022, al\u00e9m de informa\u00e7\u00f5es de prestadores de servi\u00e7o, como concession\u00e1rias de energia e \u00e1gua.<\/p>\n\n\n\n<p>Depois da aprova\u00e7\u00e3o da proposta pelo CRPD, foi aberta uma consulta p\u00fablica pelo site da Prefeitura, que permitiu a consulta dos mapas e apresenta\u00e7\u00e3o de sugest\u00f5es. Ainda dentro da consulta, foram realizadas cinco audi\u00eancias p\u00fablicas para debater a delimita\u00e7\u00e3o de bairros de cada um dos cinco distritos da cidade (Posse, Pedro do Rio, Itaipava, Cascatinha e Petr\u00f3polis).<\/p>\n\n\n\n<p>Um ponto importante do projeto de lei \u00e9 o artigo que estabelece que &#8220;a defini\u00e7\u00e3o dos limites e das denomina\u00e7\u00f5es formais dos bairros prevista nesta Lei n\u00e3o prejudica, n\u00e3o contraria e n\u00e3o substitui as delimita\u00e7\u00f5es constantes das plantas hist\u00f3ricas de quarteir\u00f5es de J\u00falio Frederico Koeler e Otto Reymarus&#8221;. Essa foi uma reivindica\u00e7\u00e3o apresentada pela sociedade civil durante as discuss\u00f5es.<\/p>\n\n\n\n<p>&#8220;Quero agradecer a todas as associa\u00e7\u00f5es de moradores que participaram, a Comiss\u00e3o que elaborou a proposta, o Conselho Revisor do Plano Diretor, aos \u00f3rg\u00e3os de prote\u00e7\u00e3o do patrim\u00f4nio hist\u00f3rico, que tiveram reuni\u00f5es recorrentes com a gente para discutir a valoriza\u00e7\u00e3o dos quarteir\u00f5es e a preserva\u00e7\u00e3o do patrim\u00f4nio hist\u00f3rico da nossa cidade. E a gente agora tem uma minuta que consolida tudo isso, atende a cidade toda e formaliza os bairros, que \u00e9 o que est\u00e1 faltando na nossa cidade&#8221;, comentou Fred Proc\u00f3pio.<\/p>\n\n\n\n<p>Na pr\u00e1tica, a nova lei vai contribuir tamb\u00e9m para que outros servi\u00e7os atendam de forma mais eficiente \u00e0 popula\u00e7\u00e3o, como o prestado pelos Correios, IBGE, Google, aplicativos de GPS, dentre outros.<\/p>\n\n\n\n<p>&#8220;Projeto criado com muita responsabilidade, com as associa\u00e7\u00f5es de moradores, com as comunidades. Acho que Petr\u00f3polis tem muito a ganhar com esse projeto&#8221;, disse o presidente da C\u00e2mara, Junior Coruja.<\/p>\n\n\n\n<p>&#8220;\u00c9 um passo importante para que Petr\u00f3polis possa retomar a dianteira do planejamento, que nunca deveria ter perdido, desde os s\u00e9culos passados. A C\u00e2mara vai fazer essa discuss\u00e3o com muita responsabilidade&#8221;, afirmou o vereador Thiago Damaceno, presidente da Comiss\u00e3o de Planejamento, Uso, Ocupa\u00e7\u00e3o e Parcelamento do Solo, Pol\u00edtica Agr\u00edcola, Pol\u00edtica Urban\u00edstica e Habita\u00e7\u00e3o.<\/p>\n","protected":false},"excerpt":{"rendered":"<p>A Prefeitura vai encaminhar para an\u00e1lise e vota\u00e7\u00e3o da C\u00e2mara Municipal o projeto de lei<\/p>\n","protected":false},"author":1,"featured_media":44745,"comment_status":"closed","ping_status":"open","sticky":false,"template":"","format":"standard","meta":{"spay_email":"","footnotes":"","jetpack_publicize_message":""},"categories":[24],"tags":[],"jetpack_featured_media_url":"https:\/\/i1.wp.com\/jornaldeitaipava.com.br\/wp-content\/uploads\/2025\/03\/Petropolis-Centro-aerea-scaled.jpg?fit=2560%2C1447&ssl=1","jetpack_publicize_connections":[],"jetpack_sharing_enabled":true,"jetpack_likes_enabled":true,"jetpack-related-posts":[],"_links":{"self":[{"href":"https:\/\/jornaldeitaipava.com.br\/index.php\/wp-json\/wp\/v2\/posts\/50312"}],"collection":[{"href":"https:\/\/jornaldeitaipava.com.br\/index.php\/wp-json\/wp\/v2\/posts"}],"about":[{"href":"https:\/\/jornaldeitaipava.com.br\/index.php\/wp-json\/wp\/v2\/types\/post"}],"author":[{"embeddable":true,"href":"https:\/\/jornaldeitaipava.com.br\/index.php\/wp-json\/wp\/v2\/users\/1"}],"replies":[{"embeddable":true,"href":"https:\/\/jornaldeitaipava.com.br\/index.php\/wp-json\/wp\/v2\/comments?post=50312"}],"version-history":[{"count":1,"href":"https:\/\/jornaldeitaipava.com.br\/index.php\/wp-json\/wp\/v2\/posts\/50312\/revisions"}],"predecessor-version":[{"id":50313,"href":"https:\/\/jornaldeitaipava.com.br\/index.php\/wp-json\/wp\/v2\/posts\/50312\/revisions\/50313"}],"wp:featuredmedia":[{"embeddable":true,"href":"https:\/\/jornaldeitaipava.com.br\/index.php\/wp-json\/wp\/v2\/media\/44745"}],"wp:attachment":[{"href":"https:\/\/jornaldeitaipava.com.br\/index.php\/wp-json\/wp\/v2\/media?parent=50312"}],"wp:term":[{"taxonomy":"category","embeddable":true,"href":"https:\/\/jornaldeitaipava.com.br\/index.php\/wp-json\/wp\/v2\/categories?post=50312"},{"taxonomy":"post_tag","embeddable":true,"href":"https:\/\/jornaldeitaipava.com.br\/index.php\/wp-json\/wp\/v2\/tags?post=50312"}],"curies":[{"name":"wp","href":"https:\/\/api.w.org\/{rel}","templated":true}]}}