{"id":50314,"date":"2026-03-05T08:45:00","date_gmt":"2026-03-05T11:45:00","guid":{"rendered":"http:\/\/jornaldeitaipava.com.br\/?p=50314"},"modified":"2026-03-04T19:30:51","modified_gmt":"2026-03-04T22:30:51","slug":"prefeitura-oferece-capacitacao-gratuita-para-artesaos-e-amplia-geracao-de-renda-com-materiais-da-coleta-seletiva","status":"publish","type":"post","link":"https:\/\/jornaldeitaipava.com.br\/index.php\/2026\/03\/05\/prefeitura-oferece-capacitacao-gratuita-para-artesaos-e-amplia-geracao-de-renda-com-materiais-da-coleta-seletiva\/","title":{"rendered":"Prefeitura oferece capacita\u00e7\u00e3o gratuita para artes\u00e3os e amplia gera\u00e7\u00e3o de renda com materiais da coleta seletiva"},"content":{"rendered":"\n<p>A Prefeitura em parceria com o Programa de Forma\u00e7\u00e3o Paul Singer, do Governo Federal, iniciou uma forma\u00e7\u00e3o gratuita voltada a artes\u00e3os do munic\u00edpio que utilizam materiais da coleta seletiva para gera\u00e7\u00e3o de renda. A iniciativa de trazer a forma\u00e7\u00e3o para a cidade partiu da Comdep, que identificou a necessidade de qualifica\u00e7\u00e3o dos profissionais que retiram mat\u00e9ria-prima no Centro de Triagem da Coleta Seletiva, no Sim\u00e9ria, transformando tampinhas de garrafas, potes e tampas pl\u00e1sticas, pneus e outros res\u00edduos em pe\u00e7as artesanais dentro da l\u00f3gica da economia solid\u00e1ria.<\/p>\n\n\n\n<p>A a\u00e7\u00e3o tamb\u00e9m fortalece o di\u00e1logo com o F\u00f3rum Municipal de Economia Popular Solid\u00e1ria, ampliando a articula\u00e7\u00e3o entre poder p\u00fablico e empreendimentos locais para consolidar a economia solid\u00e1ria como pol\u00edtica de desenvolvimento social no munic\u00edpio. \u201cO Programa Paul Singer representa oportunidade e autonomia. Estamos investindo em conhecimento para que essas pessoas possam organizar melhor seus projetos, ampliar a gera\u00e7\u00e3o de renda e transformar talento em desenvolvimento para Petr\u00f3polis\u201d, destacou o prefeito Hingo Hammes.<\/p>\n\n\n\n<p>A presidente da Comdep, Fernanda Ferreira, explicou que a proposta surgiu a partir do contato direto com os artes\u00e3os que utilizam os materiais recicl\u00e1veis. \u201cPercebemos que, al\u00e9m do acesso \u00e0 mat\u00e9ria-prima, eles precisavam de orienta\u00e7\u00e3o para fortalecer seus projetos. Quando o material recicl\u00e1vel ganha novo significado pelas m\u00e3os dos nossos artes\u00e3os, estamos falando de sustentabilidade com inclus\u00e3o. A Comdep cumpre seu papel ambiental e tamb\u00e9m social ao fortalecer quem transforma descarte em renda\u201d, afirmou.<\/p>\n\n\n\n<p>A forma\u00e7\u00e3o ser\u00e1 conduzida pelo agente territorial do programa em Petr\u00f3polis, Marcelo Xavier. Ele explica que a iniciativa \u00e9 do governo federal e que a parceria foi viabilizada ap\u00f3s a Comdep procurar o programa para trazer a capacita\u00e7\u00e3o ao munic\u00edpio. Segundo ele, a partir desse contato, o grupo de artes\u00e3os foi identificado como um empreendimento econ\u00f4mico solid\u00e1rio, apto a participar da forma\u00e7\u00e3o. \u201cNosso objetivo \u00e9 mostrar que o trabalho em equipe e a organiza\u00e7\u00e3o comunit\u00e1ria s\u00e3o ferramentas poderosas. Queremos ajudar cada participante a transformar ideias em a\u00e7\u00f5es concretas, capazes de gerar renda e fortalecer a comunidade\u201d, afirmou.<\/p>\n\n\n\n<p>Durante os encontros, os participantes tamb\u00e9m ter\u00e3o acesso aos conte\u00fados voltados ao desenvolvimento pessoal, \u00e0 troca de experi\u00eancias e \u00e0 constru\u00e7\u00e3o de novas oportunidades para o futuro.<\/p>\n","protected":false},"excerpt":{"rendered":"<p>A Prefeitura em parceria com o Programa de Forma\u00e7\u00e3o Paul Singer, do Governo Federal, iniciou<\/p>\n","protected":false},"author":1,"featured_media":50315,"comment_status":"closed","ping_status":"open","sticky":false,"template":"","format":"standard","meta":{"spay_email":"","footnotes":"","jetpack_publicize_message":""},"categories":[2],"tags":[],"jetpack_featured_media_url":"https:\/\/i1.wp.com\/jornaldeitaipava.com.br\/wp-content\/uploads\/2026\/03\/WhatsApp-Image-2026-03-04-at-11.41.39.jpeg?fit=889%2C566&ssl=1","jetpack_publicize_connections":[],"jetpack_sharing_enabled":true,"jetpack_likes_enabled":true,"jetpack-related-posts":[],"_links":{"self":[{"href":"https:\/\/jornaldeitaipava.com.br\/index.php\/wp-json\/wp\/v2\/posts\/50314"}],"collection":[{"href":"https:\/\/jornaldeitaipava.com.br\/index.php\/wp-json\/wp\/v2\/posts"}],"about":[{"href":"https:\/\/jornaldeitaipava.com.br\/index.php\/wp-json\/wp\/v2\/types\/post"}],"author":[{"embeddable":true,"href":"https:\/\/jornaldeitaipava.com.br\/index.php\/wp-json\/wp\/v2\/users\/1"}],"replies":[{"embeddable":true,"href":"https:\/\/jornaldeitaipava.com.br\/index.php\/wp-json\/wp\/v2\/comments?post=50314"}],"version-history":[{"count":1,"href":"https:\/\/jornaldeitaipava.com.br\/index.php\/wp-json\/wp\/v2\/posts\/50314\/revisions"}],"predecessor-version":[{"id":50316,"href":"https:\/\/jornaldeitaipava.com.br\/index.php\/wp-json\/wp\/v2\/posts\/50314\/revisions\/50316"}],"wp:featuredmedia":[{"embeddable":true,"href":"https:\/\/jornaldeitaipava.com.br\/index.php\/wp-json\/wp\/v2\/media\/50315"}],"wp:attachment":[{"href":"https:\/\/jornaldeitaipava.com.br\/index.php\/wp-json\/wp\/v2\/media?parent=50314"}],"wp:term":[{"taxonomy":"category","embeddable":true,"href":"https:\/\/jornaldeitaipava.com.br\/index.php\/wp-json\/wp\/v2\/categories?post=50314"},{"taxonomy":"post_tag","embeddable":true,"href":"https:\/\/jornaldeitaipava.com.br\/index.php\/wp-json\/wp\/v2\/tags?post=50314"}],"curies":[{"name":"wp","href":"https:\/\/api.w.org\/{rel}","templated":true}]}}