{"id":50317,"date":"2026-03-05T08:55:00","date_gmt":"2026-03-05T11:55:00","guid":{"rendered":"http:\/\/jornaldeitaipava.com.br\/?p=50317"},"modified":"2026-03-04T19:32:18","modified_gmt":"2026-03-04T22:32:18","slug":"programa-amamenta-avanca-na-rede-municipal-com-novas-formacoes-em-unidades-de-educacao-infantil","status":"publish","type":"post","link":"https:\/\/jornaldeitaipava.com.br\/index.php\/2026\/03\/05\/programa-amamenta-avanca-na-rede-municipal-com-novas-formacoes-em-unidades-de-educacao-infantil\/","title":{"rendered":"Programa Amamenta avan\u00e7a na rede municipal com novas forma\u00e7\u00f5es em unidades de Educa\u00e7\u00e3o Infantil"},"content":{"rendered":"\n<p class=\"has-text-align-center\"><strong>Iniciativa criada em 2021 amplia pol\u00edtica p\u00fablica voltada ao acolhimento de m\u00e3es lactantes nas escolas do munic\u00edpio<\/strong><\/p>\n\n\n\n<p>Nesta semana, a Prefeitura deu continuidade \u00e0 expans\u00e3o do Programa Amamenta Petr\u00f3polis, a\u00e7\u00e3o criada em 2021 por iniciativa do ent\u00e3o prefeito interino Hingo Hammes, com a finalidade de assegurar acolhimento a m\u00e3es lactantes nas unidades escolares da rede municipal.<\/p>\n\n\n\n<p>A iniciativa prev\u00ea a forma\u00e7\u00e3o de equipes, adequa\u00e7\u00e3o de espa\u00e7os e defini\u00e7\u00e3o de protocolos para garantir suporte durante o per\u00edodo de amamenta\u00e7\u00e3o. A proposta estabelece diretrizes permanentes no atendimento \u00e0 primeira inf\u00e2ncia.<\/p>\n\n\n\n<p>Os encontros ocorreram em mais tr\u00eas unidades da rede municipal, o CEI Vista Alegre, o CEI Frei Le\u00e3o e o CEI Santo Ant\u00f4nio e Agostinho. As atividades envolveram profissionais das equipes pedag\u00f3gicas e t\u00e9cnicas, com foco na qualifica\u00e7\u00e3o do atendimento \u00e0s fam\u00edlias.<\/p>\n\n\n\n<p>Durante as reuni\u00f5es, foram apresentadas orienta\u00e7\u00f5es sobre aleitamento materno, estrat\u00e9gias de acolhimento e organiza\u00e7\u00e3o interna dos espa\u00e7os. Tamb\u00e9m foram discutidas formas de escuta \u00e0s m\u00e3es e integra\u00e7\u00e3o entre gest\u00e3o escolar e respons\u00e1veis.<\/p>\n\n\n\n<p>O prefeito Hingo Hammes afirmou que a cria\u00e7\u00e3o do programa teve como base a necessidade de consolidar uma pol\u00edtica p\u00fablica voltada \u00e0 primeira inf\u00e2ncia.<\/p>\n\n\n\n<p>&#8220;Criamos o Amamenta porque entendemos que a escola tamb\u00e9m precisa acolher a m\u00e3e que amamenta e oferecer condi\u00e7\u00f5es para esse cuidado&#8221;, disse.<\/p>\n\n\n\n<p>O prefeito Hingo Hammes acrescentou que a continuidade das a\u00e7\u00f5es refor\u00e7a o compromisso da administra\u00e7\u00e3o com as fam\u00edlias.<\/p>\n\n\n\n<p>&#8220;A expans\u00e3o do programa demonstra que a rede est\u00e1 estruturada para garantir suporte desde os primeiros meses de vida da crian\u00e7a&#8221;, declarou.<\/p>\n\n\n\n<p>A secret\u00e1ria de Educa\u00e7\u00e3o, Poliana Ferrarez, destacou que a forma\u00e7\u00e3o das equipes \u00e9 etapa central do processo.<\/p>\n\n\n\n<p>&#8220;O fortalecimento das pr\u00e1ticas de incentivo ao aleitamento no ambiente escolar depende de orienta\u00e7\u00e3o e organiza\u00e7\u00e3o das unidades&#8221;, afirmou.<\/p>\n\n\n\n<p>Para a secret\u00e1ria, o di\u00e1logo com respons\u00e1veis e a integra\u00e7\u00e3o entre setores ampliam o alcance da iniciativa.<\/p>\n\n\n\n<p>&#8220;Quando capacitamos os profissionais e estabelecemos fluxos de atendimento, asseguramos que m\u00e3es e beb\u00eas sejam recebidos com respeito \u00e0s suas necessidades&#8221;, completou.<\/p>\n\n\n\n<p>Para a chefe do Departamento de Educa\u00e7\u00e3o Infantil, Marcela de Castro Alves, o projeto contribui para a perman\u00eancia das crian\u00e7as nas unidades.<\/p>\n\n\n\n<p>&#8220;Ao possibilitar que as m\u00e3es estejam presentes na rotina escolar, criamos condi\u00e7\u00f5es para que o v\u00ednculo se mantenha e se fortale\u00e7a no dia a dia&#8221;, completou.<\/p>\n\n\n\n<p>Atualmente, 23 centros de Educa\u00e7\u00e3o Infantil integram o Programa Amamenta Petr\u00f3polis, que segue em fase de expans\u00e3o na rede municipal.<\/p>\n","protected":false},"excerpt":{"rendered":"<p>Iniciativa criada em 2021 amplia pol\u00edtica p\u00fablica voltada ao acolhimento de m\u00e3es lactantes nas escolas<\/p>\n","protected":false},"author":1,"featured_media":50318,"comment_status":"closed","ping_status":"open","sticky":false,"template":"","format":"standard","meta":{"spay_email":"","footnotes":"","jetpack_publicize_message":""},"categories":[2],"tags":[],"jetpack_featured_media_url":"https:\/\/i2.wp.com\/jornaldeitaipava.com.br\/wp-content\/uploads\/2026\/03\/WhatsApp-Image-2026-03-04-at-09.02.24.jpeg?fit=1280%2C720&ssl=1","jetpack_publicize_connections":[],"jetpack_sharing_enabled":true,"jetpack_likes_enabled":true,"jetpack-related-posts":[],"_links":{"self":[{"href":"https:\/\/jornaldeitaipava.com.br\/index.php\/wp-json\/wp\/v2\/posts\/50317"}],"collection":[{"href":"https:\/\/jornaldeitaipava.com.br\/index.php\/wp-json\/wp\/v2\/posts"}],"about":[{"href":"https:\/\/jornaldeitaipava.com.br\/index.php\/wp-json\/wp\/v2\/types\/post"}],"author":[{"embeddable":true,"href":"https:\/\/jornaldeitaipava.com.br\/index.php\/wp-json\/wp\/v2\/users\/1"}],"replies":[{"embeddable":true,"href":"https:\/\/jornaldeitaipava.com.br\/index.php\/wp-json\/wp\/v2\/comments?post=50317"}],"version-history":[{"count":1,"href":"https:\/\/jornaldeitaipava.com.br\/index.php\/wp-json\/wp\/v2\/posts\/50317\/revisions"}],"predecessor-version":[{"id":50319,"href":"https:\/\/jornaldeitaipava.com.br\/index.php\/wp-json\/wp\/v2\/posts\/50317\/revisions\/50319"}],"wp:featuredmedia":[{"embeddable":true,"href":"https:\/\/jornaldeitaipava.com.br\/index.php\/wp-json\/wp\/v2\/media\/50318"}],"wp:attachment":[{"href":"https:\/\/jornaldeitaipava.com.br\/index.php\/wp-json\/wp\/v2\/media?parent=50317"}],"wp:term":[{"taxonomy":"category","embeddable":true,"href":"https:\/\/jornaldeitaipava.com.br\/index.php\/wp-json\/wp\/v2\/categories?post=50317"},{"taxonomy":"post_tag","embeddable":true,"href":"https:\/\/jornaldeitaipava.com.br\/index.php\/wp-json\/wp\/v2\/tags?post=50317"}],"curies":[{"name":"wp","href":"https:\/\/api.w.org\/{rel}","templated":true}]}}