{"id":50320,"date":"2026-03-05T08:15:00","date_gmt":"2026-03-05T11:15:00","guid":{"rendered":"http:\/\/jornaldeitaipava.com.br\/?p=50320"},"modified":"2026-03-04T19:33:47","modified_gmt":"2026-03-04T22:33:47","slug":"prefeitura-abre-programacao-do-mes-da-mulher-nesta-quinta-feira-05","status":"publish","type":"post","link":"https:\/\/jornaldeitaipava.com.br\/index.php\/2026\/03\/05\/prefeitura-abre-programacao-do-mes-da-mulher-nesta-quinta-feira-05\/","title":{"rendered":"Prefeitura abre programa\u00e7\u00e3o do M\u00eas da Mulher nesta quinta-feira (05)"},"content":{"rendered":"\n<p class=\"has-text-align-center\"><strong>Palestras, a\u00e7\u00f5es de conscientiza\u00e7\u00e3o, exposi\u00e7\u00e3o, corrida, feiras e servi\u00e7os de sa\u00fade e bem-estar fazem parte da programa\u00e7\u00e3o<\/strong><\/p>\n\n\n\n<p>A programa\u00e7\u00e3o do M\u00eas da Mulher come\u00e7a nesta quinta-feira (03\/02) com palestra no Centro de Aten\u00e7\u00e3o Psicossocial (Caps) Nice da Silveira e a abertura da exposi\u00e7\u00e3o sobre o Empreendedorismo Feminino no Centro de Cultura Raul de Leoni. At\u00e9 o dia 31 de mar\u00e7o, a Prefeitura promove uma s\u00e9rie de atividades para celebrar as conquistas sociais, pol\u00edticas e econ\u00f4micas das mulheres.<\/p>\n\n\n\n<p>Como tema Mulheres e suas diversas faces, a programa\u00e7\u00e3o \u00e9 gratuita e conta com atividades e a\u00e7\u00f5es das secretarias da Mulher, da Sa\u00fade, da Assist\u00eancia Social, do Desenvolvimento Econ\u00f4mico, da Cultura, do Esportes e PCD; al\u00e9m do Procon Petr\u00f3polis e do Ambulat\u00f3rio LGTBQIA+, e com a parceria do Governo do Estado do Rio de Janeiro, da Unifase, da Funda\u00e7\u00e3o Le\u00e3o XIII, do Sebrae e da Defensoria P\u00fablica.<\/p>\n\n\n\n<p>\u201cAs a\u00e7\u00f5es incluem servi\u00e7os de sa\u00fade, palestras educativas, oficinas, atividades culturais e momentos de integra\u00e7\u00e3o, refor\u00e7ando o nosso compromisso com o cuidado, a valoriza\u00e7\u00e3o e o empoderamento das mulheres\u201d, disse o prefeito Hingo Hammes, citando o lan\u00e7amento do protocolo estadual \u201cN\u00e3o \u00e9 N\u00e3o! Respeite a decis\u00e3o\u201d, a assinatura do termo para implanta\u00e7\u00e3o do Observat\u00f3rio do Mercado de Trabalho das Mulheres; al\u00e9m da realiza\u00e7\u00e3o do pr\u00eamio Destaque Mulher.<\/p>\n\n\n\n<p>A programa\u00e7\u00e3o est\u00e1 dispon\u00edvel nas redes sociais da Prefeitura e da Secretaria de Direitos e Pol\u00edticas P\u00fablicas para as Mulheres (@petropolis_pmp e @secmulherpetropolis). \u201cPreparamos uma programa\u00e7\u00e3o que cuida da sa\u00fade f\u00edsica e emocional, promove conhecimento e fortalece o protagonismo. Queremos que as mulheres se sintam valorizadas e que junto com a gente participem, promovam e se engajem\u201d, frisou a secretaria de Direitos e Pol\u00edticas para as Mulheres Rosangela Stumpf.<\/p>\n","protected":false},"excerpt":{"rendered":"<p>Palestras, a\u00e7\u00f5es de conscientiza\u00e7\u00e3o, exposi\u00e7\u00e3o, corrida, feiras e servi\u00e7os de sa\u00fade e bem-estar fazem parte<\/p>\n","protected":false},"author":1,"featured_media":10894,"comment_status":"closed","ping_status":"open","sticky":false,"template":"","format":"standard","meta":{"spay_email":"","footnotes":"","jetpack_publicize_message":""},"categories":[24],"tags":[],"jetpack_featured_media_url":"https:\/\/i0.wp.com\/jornaldeitaipava.com.br\/wp-content\/uploads\/2021\/03\/PALACIO-SERGIO-FADEL.jpg?fit=513%2C299&ssl=1","jetpack_publicize_connections":[],"jetpack_sharing_enabled":true,"jetpack_likes_enabled":true,"jetpack-related-posts":[],"_links":{"self":[{"href":"https:\/\/jornaldeitaipava.com.br\/index.php\/wp-json\/wp\/v2\/posts\/50320"}],"collection":[{"href":"https:\/\/jornaldeitaipava.com.br\/index.php\/wp-json\/wp\/v2\/posts"}],"about":[{"href":"https:\/\/jornaldeitaipava.com.br\/index.php\/wp-json\/wp\/v2\/types\/post"}],"author":[{"embeddable":true,"href":"https:\/\/jornaldeitaipava.com.br\/index.php\/wp-json\/wp\/v2\/users\/1"}],"replies":[{"embeddable":true,"href":"https:\/\/jornaldeitaipava.com.br\/index.php\/wp-json\/wp\/v2\/comments?post=50320"}],"version-history":[{"count":1,"href":"https:\/\/jornaldeitaipava.com.br\/index.php\/wp-json\/wp\/v2\/posts\/50320\/revisions"}],"predecessor-version":[{"id":50321,"href":"https:\/\/jornaldeitaipava.com.br\/index.php\/wp-json\/wp\/v2\/posts\/50320\/revisions\/50321"}],"wp:featuredmedia":[{"embeddable":true,"href":"https:\/\/jornaldeitaipava.com.br\/index.php\/wp-json\/wp\/v2\/media\/10894"}],"wp:attachment":[{"href":"https:\/\/jornaldeitaipava.com.br\/index.php\/wp-json\/wp\/v2\/media?parent=50320"}],"wp:term":[{"taxonomy":"category","embeddable":true,"href":"https:\/\/jornaldeitaipava.com.br\/index.php\/wp-json\/wp\/v2\/categories?post=50320"},{"taxonomy":"post_tag","embeddable":true,"href":"https:\/\/jornaldeitaipava.com.br\/index.php\/wp-json\/wp\/v2\/tags?post=50320"}],"curies":[{"name":"wp","href":"https:\/\/api.w.org\/{rel}","templated":true}]}}