{"id":50323,"date":"2026-03-07T10:08:13","date_gmt":"2026-03-07T13:08:13","guid":{"rendered":"http:\/\/jornaldeitaipava.com.br\/?p=50323"},"modified":"2026-03-07T10:08:30","modified_gmt":"2026-03-07T13:08:30","slug":"nova-presidencia-do-cmdca-toma-posse-em-solenidade-realizada-nesta-sexta-feira-06-03","status":"publish","type":"post","link":"https:\/\/jornaldeitaipava.com.br\/index.php\/2026\/03\/07\/nova-presidencia-do-cmdca-toma-posse-em-solenidade-realizada-nesta-sexta-feira-06-03\/","title":{"rendered":"Nova presid\u00eancia do CMDCA toma posse em solenidade realizada nesta sexta-feira (06\/03)"},"content":{"rendered":"\n<p>A nova presid\u00eancia do Conselho Municipal dos Direitos da Crian\u00e7a e do Adolescente (CMDCA), tomou posse nesta sexta-feira (06\/03). A solenidade aconteceu na Casa dos Conselhos Augusto \u00c2ngelo Zanatta. A presidente da Comdep, Fernanda Ferreira, assumiu a presid\u00eancia representando o governo municipal, e Vera L\u00facia Alves Avellar, do Lar de Crian\u00e7as Nossa Senhora das Gra\u00e7as, ocupa agora a vice-presid\u00eancia pela sociedade civil.<\/p>\n\n\n\n<p>O prefeito Hingo Hammes lembrou que o trabalho desenvolvido pelas institui\u00e7\u00f5es e conselheiros \u00e9 cont\u00ednuo e essencial para que as pol\u00edticas p\u00fablicas voltadas \u00e0s crian\u00e7as e adolescentes avancem no munic\u00edpio. \u201cO trabalho desenvolvido no dia a dia do conselho n\u00e3o muda. S\u00e3o integrantes muito ativos, que h\u00e1 anos contribuem para que as pol\u00edticas p\u00fablicas cheguem de fato a quem mais precisa\u201d, afirmou.<\/p>\n\n\n\n<p>Durante a cerim\u00f4nia tamb\u00e9m tomaram posse representantes dos segmentos Educacional\/Social, Necessidades Especiais, Acolhimento Institucional e Creches, que passam a integrar a estrutura do conselho respons\u00e1vel por acompanhar, deliberar e fortalecer as pol\u00edticas p\u00fablicas voltadas \u00e0 prote\u00e7\u00e3o de crian\u00e7as e adolescentes no munic\u00edpio.<\/p>\n\n\n\n<p>Fernanda Ferreira ressaltou a trajet\u00f3ria dedicada \u00e0 defesa dos direitos de crian\u00e7as e adolescentes e o compromisso de seguir fortalecendo a rede de prote\u00e7\u00e3o no munic\u00edpio. \u201cAtuo desde a adolesc\u00eancia na defesa dos direitos de crian\u00e7as e adolescentes e h\u00e1 quase vinte anos no CMDCA. Recebo essa miss\u00e3o com gratid\u00e3o e com o compromisso de continuar trabalhando para fortalecer essa rede de prote\u00e7\u00e3o\u201d, disse.<\/p>\n\n\n\n<p>A presid\u00eancia anterior era exercida por Jos\u00e9 Cl\u00e1udio de Souza J\u00fanior, do Projeto Social C3, que teve Fernanda Ferreira como vice-presidente no mandato passado. O conselho re\u00fane representantes do poder p\u00fablico e da sociedade civil e conta atualmente com cerca de 40 institui\u00e7\u00f5es participantes.<\/p>\n","protected":false},"excerpt":{"rendered":"<p>A nova presid\u00eancia do Conselho Municipal dos Direitos da Crian\u00e7a e do Adolescente (CMDCA), tomou<\/p>\n","protected":false},"author":1,"featured_media":50324,"comment_status":"closed","ping_status":"open","sticky":false,"template":"","format":"standard","meta":{"spay_email":"","footnotes":"","jetpack_publicize_message":""},"categories":[2],"tags":[],"jetpack_featured_media_url":"https:\/\/i0.wp.com\/jornaldeitaipava.com.br\/wp-content\/uploads\/2026\/03\/WhatsApp-Image-2026-03-06-at-16.56.17.jpeg?fit=1600%2C1066&ssl=1","jetpack_publicize_connections":[],"jetpack_sharing_enabled":true,"jetpack_likes_enabled":true,"jetpack-related-posts":[],"_links":{"self":[{"href":"https:\/\/jornaldeitaipava.com.br\/index.php\/wp-json\/wp\/v2\/posts\/50323"}],"collection":[{"href":"https:\/\/jornaldeitaipava.com.br\/index.php\/wp-json\/wp\/v2\/posts"}],"about":[{"href":"https:\/\/jornaldeitaipava.com.br\/index.php\/wp-json\/wp\/v2\/types\/post"}],"author":[{"embeddable":true,"href":"https:\/\/jornaldeitaipava.com.br\/index.php\/wp-json\/wp\/v2\/users\/1"}],"replies":[{"embeddable":true,"href":"https:\/\/jornaldeitaipava.com.br\/index.php\/wp-json\/wp\/v2\/comments?post=50323"}],"version-history":[{"count":1,"href":"https:\/\/jornaldeitaipava.com.br\/index.php\/wp-json\/wp\/v2\/posts\/50323\/revisions"}],"predecessor-version":[{"id":50325,"href":"https:\/\/jornaldeitaipava.com.br\/index.php\/wp-json\/wp\/v2\/posts\/50323\/revisions\/50325"}],"wp:featuredmedia":[{"embeddable":true,"href":"https:\/\/jornaldeitaipava.com.br\/index.php\/wp-json\/wp\/v2\/media\/50324"}],"wp:attachment":[{"href":"https:\/\/jornaldeitaipava.com.br\/index.php\/wp-json\/wp\/v2\/media?parent=50323"}],"wp:term":[{"taxonomy":"category","embeddable":true,"href":"https:\/\/jornaldeitaipava.com.br\/index.php\/wp-json\/wp\/v2\/categories?post=50323"},{"taxonomy":"post_tag","embeddable":true,"href":"https:\/\/jornaldeitaipava.com.br\/index.php\/wp-json\/wp\/v2\/tags?post=50323"}],"curies":[{"name":"wp","href":"https:\/\/api.w.org\/{rel}","templated":true}]}}