{"id":50329,"date":"2026-03-07T10:12:17","date_gmt":"2026-03-07T13:12:17","guid":{"rendered":"http:\/\/jornaldeitaipava.com.br\/?p=50329"},"modified":"2026-03-07T10:12:20","modified_gmt":"2026-03-07T13:12:20","slug":"petropolis-e-o-terceiro-municipio-do-interior-do-rio-em-industria-de-software-e-servicos-de-tecnologia-da-informacao","status":"publish","type":"post","link":"https:\/\/jornaldeitaipava.com.br\/index.php\/2026\/03\/07\/petropolis-e-o-terceiro-municipio-do-interior-do-rio-em-industria-de-software-e-servicos-de-tecnologia-da-informacao\/","title":{"rendered":"Petr\u00f3polis \u00e9 o terceiro munic\u00edpio do interior do Rio em ind\u00fastria de software e servi\u00e7os de tecnologia da informa\u00e7\u00e3o\u00a0"},"content":{"rendered":"\n<p><strong><em>Vagas de emprego no setor cresceram cerca de 180% em 4 anos<\/em><\/strong><\/p>\n\n\n\n<p>Esses e outros resultados sobre o setor de tecnologia de informa\u00e7\u00e3o e comunica\u00e7\u00e3o (TICs) ser\u00e3o apresentados no pr\u00f3ximo dia 12 pelo TI Rio, entidade que representa as empresas de tecnologia de informa\u00e7\u00e3o do estado do Rio de Janeiro, em evento gratuito no Laborat\u00f3rio Nacional de Computa\u00e7\u00e3o Cient\u00edfica (LNCC), no Quitandinha.<\/p>\n\n\n\n<p>A iniciativa faz parte de uma s\u00e9rie de entregas regionais e tem como objetivo ampliar o acesso a dados estrat\u00e9gicos sobre o ecossistema de tecnologia fluminense, contribuindo para o fortalecimento das empresas da regi\u00e3o, o planejamento de pol\u00edticas p\u00fablicas e o desenvolvimento econ\u00f4mico baseado em inova\u00e7\u00e3o.<\/p>\n\n\n\n<p>O&nbsp;<strong><em>Estudo TICs<\/em><\/strong>&nbsp;revela um movimento estrutural do setor: a interioriza\u00e7\u00e3o da tecnologia no estado. \u201cHoje, mais de um ter\u00e7o das empresas de TI do Rio de Janeiro j\u00e1 est\u00e1 fora da capital, evidenciando um ecossistema cada vez mais distribu\u00eddo e maduro\u201d, diz Alberto Blois, presidente do TI Rio. \u201cA capital, naturalmente, sedia a maioria das empresas, representando 62,3% de todo o estado. Petr\u00f3polis aparece como o quarto munic\u00edpio com empresas de tecnologia de informa\u00e7\u00e3o e comunica\u00e7\u00e3o, ficando atr\u00e1s apenas de Niter\u00f3i, Duque de Caxias e S\u00e3o Gon\u00e7alo\u201d, observa.<\/p>\n\n\n\n<p>Nesse contexto, a Regi\u00e3o Serrana se destaca, reunindo empresas de tecnologia, centros de pesquisa, institui\u00e7\u00f5es de ensino e profissionais qualificados. Reconhecida como a capital tecnol\u00f3gica do estado do Rio de Janeiro, o munic\u00edpio se consolida como um dos principais polos de inova\u00e7\u00e3o, com atua\u00e7\u00e3o em sistemas, desenvolvimento de software, solu\u00e7\u00f5es digitais, pesquisa aplicada e inova\u00e7\u00e3o cient\u00edfica.<\/p>\n\n\n\n<p>O encontro \u00e9 uma promo\u00e7\u00e3o do TI Rio, em parceria com a Prefeitura de Petr\u00f3polis, e acontece no dia 12 de mar\u00e7o, das 9h30 \u00e0s 12h30, no LNCC\/Quitandinha, que fica na Av. Get\u00falio Vargas, 333, Quitandinha, em Petr\u00f3polis. O evento \u00e9 aberto a empres\u00e1rios, estudantes e interessados na \u00e1rea de TI. Inscri\u00e7\u00f5es gratuitas em:&nbsp;<a href=\"https:\/\/docs.google.com\/forms\/d\/e\/1FAIpQLSeBlkwr9Y5TARUvXqBCW15Nb4mQL1-z6ztfsTmJ4po0DO5Ryw\/viewform?usp=header\" target=\"_blank\" rel=\"noreferrer noopener\">https:\/\/docs.google.com\/forms\/d\/e\/1FAIpQLSeBlkwr9Y5TARUvXqBCW15Nb4mQL1-z6ztfsTmJ4po0DO5Ryw\/viewform?usp=header<\/a>.<\/p>\n","protected":false},"excerpt":{"rendered":"<p>Vagas de emprego no setor cresceram cerca de 180% em 4 anos Esses e outros<\/p>\n","protected":false},"author":1,"featured_media":8025,"comment_status":"closed","ping_status":"open","sticky":false,"template":"","format":"standard","meta":{"spay_email":"","footnotes":"","jetpack_publicize_message":""},"categories":[2],"tags":[],"jetpack_featured_media_url":"https:\/\/i0.wp.com\/jornaldeitaipava.com.br\/wp-content\/uploads\/2021\/01\/LNCC-2.jpg?fit=492%2C274&ssl=1","jetpack_publicize_connections":[],"jetpack_sharing_enabled":true,"jetpack_likes_enabled":true,"jetpack-related-posts":[],"_links":{"self":[{"href":"https:\/\/jornaldeitaipava.com.br\/index.php\/wp-json\/wp\/v2\/posts\/50329"}],"collection":[{"href":"https:\/\/jornaldeitaipava.com.br\/index.php\/wp-json\/wp\/v2\/posts"}],"about":[{"href":"https:\/\/jornaldeitaipava.com.br\/index.php\/wp-json\/wp\/v2\/types\/post"}],"author":[{"embeddable":true,"href":"https:\/\/jornaldeitaipava.com.br\/index.php\/wp-json\/wp\/v2\/users\/1"}],"replies":[{"embeddable":true,"href":"https:\/\/jornaldeitaipava.com.br\/index.php\/wp-json\/wp\/v2\/comments?post=50329"}],"version-history":[{"count":1,"href":"https:\/\/jornaldeitaipava.com.br\/index.php\/wp-json\/wp\/v2\/posts\/50329\/revisions"}],"predecessor-version":[{"id":50330,"href":"https:\/\/jornaldeitaipava.com.br\/index.php\/wp-json\/wp\/v2\/posts\/50329\/revisions\/50330"}],"wp:featuredmedia":[{"embeddable":true,"href":"https:\/\/jornaldeitaipava.com.br\/index.php\/wp-json\/wp\/v2\/media\/8025"}],"wp:attachment":[{"href":"https:\/\/jornaldeitaipava.com.br\/index.php\/wp-json\/wp\/v2\/media?parent=50329"}],"wp:term":[{"taxonomy":"category","embeddable":true,"href":"https:\/\/jornaldeitaipava.com.br\/index.php\/wp-json\/wp\/v2\/categories?post=50329"},{"taxonomy":"post_tag","embeddable":true,"href":"https:\/\/jornaldeitaipava.com.br\/index.php\/wp-json\/wp\/v2\/tags?post=50329"}],"curies":[{"name":"wp","href":"https:\/\/api.w.org\/{rel}","templated":true}]}}