{"id":50331,"date":"2026-03-07T10:13:42","date_gmt":"2026-03-07T13:13:42","guid":{"rendered":"http:\/\/jornaldeitaipava.com.br\/?p=50331"},"modified":"2026-03-07T10:13:47","modified_gmt":"2026-03-07T13:13:47","slug":"itaipava-pode-concentrar-ate-17-da-circulacao-diaria-de-veiculos-do-municipio","status":"publish","type":"post","link":"https:\/\/jornaldeitaipava.com.br\/index.php\/2026\/03\/07\/itaipava-pode-concentrar-ate-17-da-circulacao-diaria-de-veiculos-do-municipio\/","title":{"rendered":"Itaipava pode concentrar at\u00e9 17% da circula\u00e7\u00e3o di\u00e1ria de ve\u00edculos do munic\u00edpio"},"content":{"rendered":"\n<p><strong>Unita cobra Plano de Mobilidade<\/strong><\/p>\n\n\n\n<p>Com frota municipal de 205.413 ve\u00edculos, de acordo com emplacamentos feitos pelo Detran-RJ, estimativas indicam que Itaipava pode concentrar algo entre 18 mil e 22 mil ve\u00edculos registrados \u2014 cerca de 10% da frota total da cidade \u2014 e absorver circula\u00e7\u00e3o di\u00e1ria estimada entre 30 mil e 35 mil ve\u00edculos, o que pode representar at\u00e9 17% de toda a movimenta\u00e7\u00e3o automotiva do munic\u00edpio. Diante desses n\u00fameros, a Unita \u2013 Unidos por Itaipava cobra a elabora\u00e7\u00e3o e divulga\u00e7\u00e3o de um Plano de Mobilidade espec\u00edfico para o distrito.<\/p>\n\n\n\n<p>O c\u00e1lculo considera o fluxo m\u00e9dio de aproximadamente 25 mil ve\u00edculos por dia na Estrada Uni\u00e3o e Ind\u00fastria \u2014 principal eixo vi\u00e1rio da regi\u00e3o \u2014 somado \u00e0 movimenta\u00e7\u00e3o das vias vicinais que alimentam o corredor. A Uni\u00e3o e Ind\u00fastria, al\u00e9m de estruturar Itaipava, funciona como liga\u00e7\u00e3o entre Centro, Corr\u00eaas, Nogueira, Pedro do Rio e Posse, concentrando deslocamentos locais e de passagem.<\/p>\n\n\n\n<p>Para a entidade, o volume \u00e9 expressivo para um distrito que re\u00fane popula\u00e7\u00e3o residente estimada em cerca de 35 mil habitantes, al\u00e9m de uma popula\u00e7\u00e3o flutuante significativa nos fins de semana, temporadas de inverno e feriados prolongados, impulsionada por turismo, gastronomia e eventos.<\/p>\n\n\n\n<p>\u201cO que temos hoje \u00e9 um distrito com din\u00e2mica urbana intensa, crescimento imobili\u00e1rio consistente, fluxo compar\u00e1vel ao de cidades m\u00e9dias, p\u00fablico tur\u00edstico e veranista flutuante, mas sem um plano estruturado de mobilidade que organize essa expans\u00e3o\u201d, afirma Alexandre Plantz, presidente da Unita.<\/p>\n\n\n\n<p>Segundo ele, a aus\u00eancia de planejamento espec\u00edfico amplia gargalos j\u00e1 percept\u00edveis em hor\u00e1rios de pico e em per\u00edodos de alta ocupa\u00e7\u00e3o tur\u00edstica. \u201cN\u00e3o se trata apenas de congestionamento. Estamos falando de tempo de deslocamento, impacto na log\u00edstica comercial, seguran\u00e7a vi\u00e1ria e qualidade de vida. Itaipava precisa de planejamento t\u00e9cnico compat\u00edvel com o volume que gera e recebe\u201d, acrescenta.<\/p>\n\n\n\n<p>O secret\u00e1rio da entidade, Fabr\u00edcio Santos, destaca que o distrito carece de estudos atualizados de capacidade vi\u00e1ria. \u201cQual \u00e9 a capacidade te\u00f3rica da Estrada Uni\u00e3o e Ind\u00fastria? Qual o n\u00edvel de servi\u00e7o atual da via? Houve estudo de impacto vi\u00e1rio recente considerando o crescimento imobili\u00e1rio e comercial? Essas respostas precisam ser p\u00fablicas\u201d, pontua.<\/p>\n\n\n\n<p>A Unita defende que o munic\u00edpio apresente um Plano de Mobilidade com recorte distrital, contendo diagn\u00f3stico t\u00e9cnico, proje\u00e7\u00e3o de crescimento da frota, alternativas de circula\u00e7\u00e3o, hierarquiza\u00e7\u00e3o de vias, incentivo ao transporte coletivo e solu\u00e7\u00f5es para per\u00edodos de alta sazonalidade.<\/p>\n\n\n\n<p>Para a entidade, o desenvolvimento econ\u00f4mico de Itaipava \u2014 um dos principais polos tur\u00edsticos e gastron\u00f4micos de Petr\u00f3polis \u2014 exige infraestrutura compat\u00edvel. \u201cPlanejar n\u00e3o \u00e9 frear o crescimento. \u00c9 garantir que ele ocorra com sustentabilidade. Os n\u00fameros j\u00e1 mostram que Itaipava opera em patamar que exige gest\u00e3o t\u00e9cnica permanente\u201d, aponta Plantz.<\/p>\n","protected":false},"excerpt":{"rendered":"<p>Unita cobra Plano de Mobilidade Com frota municipal de 205.413 ve\u00edculos, de acordo com emplacamentos<\/p>\n","protected":false},"author":1,"featured_media":50332,"comment_status":"closed","ping_status":"open","sticky":false,"template":"","format":"standard","meta":{"spay_email":"","footnotes":"","jetpack_publicize_message":""},"categories":[24],"tags":[],"jetpack_featured_media_url":"https:\/\/i1.wp.com\/jornaldeitaipava.com.br\/wp-content\/uploads\/2026\/03\/Transito-Itaipava.jpeg?fit=800%2C500&ssl=1","jetpack_publicize_connections":[],"jetpack_sharing_enabled":true,"jetpack_likes_enabled":true,"jetpack-related-posts":[],"_links":{"self":[{"href":"https:\/\/jornaldeitaipava.com.br\/index.php\/wp-json\/wp\/v2\/posts\/50331"}],"collection":[{"href":"https:\/\/jornaldeitaipava.com.br\/index.php\/wp-json\/wp\/v2\/posts"}],"about":[{"href":"https:\/\/jornaldeitaipava.com.br\/index.php\/wp-json\/wp\/v2\/types\/post"}],"author":[{"embeddable":true,"href":"https:\/\/jornaldeitaipava.com.br\/index.php\/wp-json\/wp\/v2\/users\/1"}],"replies":[{"embeddable":true,"href":"https:\/\/jornaldeitaipava.com.br\/index.php\/wp-json\/wp\/v2\/comments?post=50331"}],"version-history":[{"count":1,"href":"https:\/\/jornaldeitaipava.com.br\/index.php\/wp-json\/wp\/v2\/posts\/50331\/revisions"}],"predecessor-version":[{"id":50333,"href":"https:\/\/jornaldeitaipava.com.br\/index.php\/wp-json\/wp\/v2\/posts\/50331\/revisions\/50333"}],"wp:featuredmedia":[{"embeddable":true,"href":"https:\/\/jornaldeitaipava.com.br\/index.php\/wp-json\/wp\/v2\/media\/50332"}],"wp:attachment":[{"href":"https:\/\/jornaldeitaipava.com.br\/index.php\/wp-json\/wp\/v2\/media?parent=50331"}],"wp:term":[{"taxonomy":"category","embeddable":true,"href":"https:\/\/jornaldeitaipava.com.br\/index.php\/wp-json\/wp\/v2\/categories?post=50331"},{"taxonomy":"post_tag","embeddable":true,"href":"https:\/\/jornaldeitaipava.com.br\/index.php\/wp-json\/wp\/v2\/tags?post=50331"}],"curies":[{"name":"wp","href":"https:\/\/api.w.org\/{rel}","templated":true}]}}