{"id":50334,"date":"2026-03-07T10:15:58","date_gmt":"2026-03-07T13:15:58","guid":{"rendered":"http:\/\/jornaldeitaipava.com.br\/?p=50334"},"modified":"2026-03-07T10:16:04","modified_gmt":"2026-03-07T13:16:04","slug":"pm-prende-dois-homens-por-trafico-no-valparaiso","status":"publish","type":"post","link":"https:\/\/jornaldeitaipava.com.br\/index.php\/2026\/03\/07\/pm-prende-dois-homens-por-trafico-no-valparaiso\/","title":{"rendered":"PM prende dois homens por tr\u00e1fico no Valpara\u00edso"},"content":{"rendered":"\n<p>Na madrugada deste s\u00e1bado(07), policiais do PATAMO e da P2 do 26\u00ba BPM prenderam dois homens por tr\u00e1fico de drogas na Rua Manoel Affonso, comunidade do Canto do Cemit\u00e9rio, no Valpara\u00edso. Durante a a\u00e7\u00e3o, as equipes observaram a din\u00e2mica de venda de entorpecentes e realizaram a abordagem. Um suspeito conseguiu fugir para a \u00e1rea de mata, mas dois homens foram capturados.<br>Na ocorr\u00eancia foram apreendidos: 79 c\u00e1psulas de coca\u00edna (379g), 163 pedras de crack (81g), 2 tabletes de maconha, R$ 419 em esp\u00e9cie, 2 celulares e 1 r\u00e1dio comunicador<br>Os acusados foram conduzidos \u00e0 105\u00aa DP e permaneceram presos, autuados por tr\u00e1fico e associa\u00e7\u00e3o para o tr\u00e1fico de drogas.<\/p>\n","protected":false},"excerpt":{"rendered":"<p>Na madrugada deste s\u00e1bado(07), policiais do PATAMO e da P2 do 26\u00ba BPM prenderam dois<\/p>\n","protected":false},"author":1,"featured_media":50335,"comment_status":"closed","ping_status":"open","sticky":false,"template":"","format":"standard","meta":{"spay_email":"","footnotes":"","jetpack_publicize_message":""},"categories":[2],"tags":[],"jetpack_featured_media_url":"https:\/\/i0.wp.com\/jornaldeitaipava.com.br\/wp-content\/uploads\/2026\/03\/WhatsApp-Image-2026-03-07-at-09.06.43-e1772889347578.jpeg?fit=1200%2C882&ssl=1","jetpack_publicize_connections":[],"jetpack_sharing_enabled":true,"jetpack_likes_enabled":true,"jetpack-related-posts":[],"_links":{"self":[{"href":"https:\/\/jornaldeitaipava.com.br\/index.php\/wp-json\/wp\/v2\/posts\/50334"}],"collection":[{"href":"https:\/\/jornaldeitaipava.com.br\/index.php\/wp-json\/wp\/v2\/posts"}],"about":[{"href":"https:\/\/jornaldeitaipava.com.br\/index.php\/wp-json\/wp\/v2\/types\/post"}],"author":[{"embeddable":true,"href":"https:\/\/jornaldeitaipava.com.br\/index.php\/wp-json\/wp\/v2\/users\/1"}],"replies":[{"embeddable":true,"href":"https:\/\/jornaldeitaipava.com.br\/index.php\/wp-json\/wp\/v2\/comments?post=50334"}],"version-history":[{"count":1,"href":"https:\/\/jornaldeitaipava.com.br\/index.php\/wp-json\/wp\/v2\/posts\/50334\/revisions"}],"predecessor-version":[{"id":50336,"href":"https:\/\/jornaldeitaipava.com.br\/index.php\/wp-json\/wp\/v2\/posts\/50334\/revisions\/50336"}],"wp:featuredmedia":[{"embeddable":true,"href":"https:\/\/jornaldeitaipava.com.br\/index.php\/wp-json\/wp\/v2\/media\/50335"}],"wp:attachment":[{"href":"https:\/\/jornaldeitaipava.com.br\/index.php\/wp-json\/wp\/v2\/media?parent=50334"}],"wp:term":[{"taxonomy":"category","embeddable":true,"href":"https:\/\/jornaldeitaipava.com.br\/index.php\/wp-json\/wp\/v2\/categories?post=50334"},{"taxonomy":"post_tag","embeddable":true,"href":"https:\/\/jornaldeitaipava.com.br\/index.php\/wp-json\/wp\/v2\/tags?post=50334"}],"curies":[{"name":"wp","href":"https:\/\/api.w.org\/{rel}","templated":true}]}}