{"id":50342,"date":"2026-03-07T10:20:16","date_gmt":"2026-03-07T13:20:16","guid":{"rendered":"http:\/\/jornaldeitaipava.com.br\/?p=50342"},"modified":"2026-03-07T10:20:19","modified_gmt":"2026-03-07T13:20:19","slug":"eventos-provocam-alteracoes-no-transito-em-petropolis-neste-fim-de-semana","status":"publish","type":"post","link":"https:\/\/jornaldeitaipava.com.br\/index.php\/2026\/03\/07\/eventos-provocam-alteracoes-no-transito-em-petropolis-neste-fim-de-semana\/","title":{"rendered":"Eventos provocam altera\u00e7\u00f5es no tr\u00e2nsito em Petr\u00f3polis neste fim de semana"},"content":{"rendered":"\n<p>Corrida da Mulher vai gerar interrup\u00e7\u00f5es pontuais no tr\u00e2nsito durante o trajeto e a Rua Alfredo Pach\u00e1 ficar\u00e1 fechada durante o evento<\/p>\n\n\n\n<p>Em comemora\u00e7\u00e3o ao Dia Internacional da Mulher no domingo, dia 08 de mar\u00e7o, acontece a tradicional Corrida da Mulher. A s\u00e9tima edi\u00e7\u00e3o do evento tem largada e chegada no Pal\u00e1cio de Cristal, no Centro. A prova, que come\u00e7a \u00e0s 07h30, ter\u00e1 percursos de tr\u00eas e cinco quil\u00f4metros.<\/p>\n\n\n\n<p>A corrida passa pela Rua Alfredo Pach\u00e1 e Avenida Bar\u00e3o do Rio Branco, com pontos de retorno pr\u00f3ximos as pontes da Moageira e pr\u00f3xima a entrada do At\u00edlio Marotti. Durante o evento, a Rua Alfredo Pach\u00e1 ficar\u00e1 fechada para o tr\u00e2nsito at\u00e9 o t\u00e9rmino da atividade. Haver\u00e1 interrup\u00e7\u00f5es pontuais no tr\u00e2nsito durante o trajeto.<\/p>\n\n\n\n<p>Tamb\u00e9m no domingo acontece a Passeata Supera\u00e7\u00e3o. A concentra\u00e7\u00e3o ser\u00e1 \u00e0s 08h na Pra\u00e7a da Inconfid\u00eancia, com sa\u00edda prevista para 09h30. O trajeto seguir\u00e1 pelas ruas do Imperador e Imperatriz, passando pela ponte em frente ao Museu Imperial e encerrando na C\u00e2mara Municipal, na Pra\u00e7a Visconde de Mau\u00e1 (Pra\u00e7a da \u00c1guia).<\/p>\n\n\n\n<p>A Feira da 16 tamb\u00e9m acontece no domingo, das 10h \u00e0s 17h, na Rua Dezesseis de Mar\u00e7o, no Centro. Para a realiza\u00e7\u00e3o do evento, a via ser\u00e1 interditada e haver\u00e1 proibi\u00e7\u00e3o de parada e estacionamento nas baias e tamb\u00e9m na Alencar Lima. O acesso para moradores e ve\u00edculos que utilizam estacionamentos da regi\u00e3o ser\u00e1 feito pela Rua Doutor Nelson de S\u00e1 Earp.<\/p>\n\n\n\n<p>Agentes de tr\u00e2nsito da Companhia Petropolitana de Tr\u00e2nsito e Transportes (CPTrans) estar\u00e3o nos principais pontos para orientar motoristas e pedestres e garantir a seguran\u00e7a vi\u00e1ria durante os eventos. A recomenda\u00e7\u00e3o \u00e9 que os condutores redobrem a aten\u00e7\u00e3o e, sempre que poss\u00edvel, utilizem rotas alternativas nas \u00e1reas com maior circula\u00e7\u00e3o de pessoas.<\/p>\n","protected":false},"excerpt":{"rendered":"<p>Corrida da Mulher vai gerar interrup\u00e7\u00f5es pontuais no tr\u00e2nsito durante o trajeto e a Rua<\/p>\n","protected":false},"author":1,"featured_media":22249,"comment_status":"closed","ping_status":"open","sticky":false,"template":"","format":"standard","meta":{"spay_email":"","footnotes":"","jetpack_publicize_message":""},"categories":[2],"tags":[],"jetpack_featured_media_url":"https:\/\/i1.wp.com\/jornaldeitaipava.com.br\/wp-content\/uploads\/2021\/11\/corrida-rua.png?fit=1280%2C853&ssl=1","jetpack_publicize_connections":[],"jetpack_sharing_enabled":true,"jetpack_likes_enabled":true,"jetpack-related-posts":[],"_links":{"self":[{"href":"https:\/\/jornaldeitaipava.com.br\/index.php\/wp-json\/wp\/v2\/posts\/50342"}],"collection":[{"href":"https:\/\/jornaldeitaipava.com.br\/index.php\/wp-json\/wp\/v2\/posts"}],"about":[{"href":"https:\/\/jornaldeitaipava.com.br\/index.php\/wp-json\/wp\/v2\/types\/post"}],"author":[{"embeddable":true,"href":"https:\/\/jornaldeitaipava.com.br\/index.php\/wp-json\/wp\/v2\/users\/1"}],"replies":[{"embeddable":true,"href":"https:\/\/jornaldeitaipava.com.br\/index.php\/wp-json\/wp\/v2\/comments?post=50342"}],"version-history":[{"count":1,"href":"https:\/\/jornaldeitaipava.com.br\/index.php\/wp-json\/wp\/v2\/posts\/50342\/revisions"}],"predecessor-version":[{"id":50343,"href":"https:\/\/jornaldeitaipava.com.br\/index.php\/wp-json\/wp\/v2\/posts\/50342\/revisions\/50343"}],"wp:featuredmedia":[{"embeddable":true,"href":"https:\/\/jornaldeitaipava.com.br\/index.php\/wp-json\/wp\/v2\/media\/22249"}],"wp:attachment":[{"href":"https:\/\/jornaldeitaipava.com.br\/index.php\/wp-json\/wp\/v2\/media?parent=50342"}],"wp:term":[{"taxonomy":"category","embeddable":true,"href":"https:\/\/jornaldeitaipava.com.br\/index.php\/wp-json\/wp\/v2\/categories?post=50342"},{"taxonomy":"post_tag","embeddable":true,"href":"https:\/\/jornaldeitaipava.com.br\/index.php\/wp-json\/wp\/v2\/tags?post=50342"}],"curies":[{"name":"wp","href":"https:\/\/api.w.org\/{rel}","templated":true}]}}