{"id":50352,"date":"2026-03-07T11:01:19","date_gmt":"2026-03-07T14:01:19","guid":{"rendered":"http:\/\/jornaldeitaipava.com.br\/?p=50352"},"modified":"2026-03-07T11:01:23","modified_gmt":"2026-03-07T14:01:23","slug":"circulo-de-mulheres-o-despertar-do-sentir-para-celebrar-o-dia-da-mulher","status":"publish","type":"post","link":"https:\/\/jornaldeitaipava.com.br\/index.php\/2026\/03\/07\/circulo-de-mulheres-o-despertar-do-sentir-para-celebrar-o-dia-da-mulher\/","title":{"rendered":"C\u00edrculo de Mulheres \u201cO despertar do sentir\u201d para celebrar o Dia da Mulher"},"content":{"rendered":"\n<p class=\"has-text-align-center\"><strong>O evento, marcado para o pr\u00f3ximo dia 12, \u00e9 gratuito e aberto ao p\u00fablico feminino mediante inscri\u00e7\u00e3o. As vagas s\u00e3o limitadas<\/strong><\/p>\n\n\n\n<p>Para celebrar o Dia Internacional da Mulher, comemorado em 8 de mar\u00e7o, um C\u00edrculo de Mulheres \u201cO despertar do sentir\u201d, aberto \u00e0 toda a comunidade feminina petropolitana, est\u00e1 programado para o pr\u00f3ximo dia 12 de mar\u00e7o, a partir das 18h, na escola Roda Criativa. A entrada \u00e9 gratuita e as vagas s\u00e3o limitadas. As inscri\u00e7\u00f5es est\u00e3o abertas pelo Whatsapp 24 22332303. \u00c9 solicitado apenas que cada participante leve uma canga e um prato de doce ou salgado e uma bebida.<\/p>\n\n\n\n<p>O encontro vai come\u00e7ar com uma medita\u00e7\u00e3o guiada, seguida de uma viv\u00eancia corporal, compartilhamento e um fechamento com dan\u00e7a de m\u00e3os dadas e em c\u00edrculo. E, para encerrar, haver\u00e1 um lanche coletivo para confraternizar. A iniciativa pretende promover um espa\u00e7o onde as mulheres possam se reunir para apoiar umas \u00e0s outras, promovendo momentos de autoconhecimento, autoestima, autocuidado e criatividade.<\/p>\n\n\n\n<p>\u201cA ideia \u00e9 trazer esse lugar que existe por tr\u00e1s da m\u00e3e ou da profissional. Com esses encontros temos a oportunidade de resgatar nossa identidade, conversar com outras mulheres, trocar experi\u00eancias, nos fortalecer e nos reencontrar. Temos a chance de escutar nossa intui\u00e7\u00e3o, nos divertir e nos reconectar com nossa ess\u00eancia. Tudo com muito acolhimento\u201d, destaca Carolina Mendes, diretora da Roda Criativa.<\/p>\n\n\n\n<p>O C\u00edrculo de Mulheres permite reconhecer, integrar e equilibrar a raz\u00e3o com a intui\u00e7\u00e3o, e interagir melhor com a pr\u00f3pria natureza, aprendendo e valorizando cada experi\u00eancia que uma mulher possa ter, seja como m\u00e3e, esposa, filha ou av\u00f3.<\/p>\n\n\n\n<p><strong>Por que participar (benef\u00edcios)<\/strong><\/p>\n\n\n\n<p>\u00b7 Revitaliza a energia feminina;<br>\u00b7 Fortalece a autoconfian\u00e7a;<\/p>\n\n\n\n<p>\u00b7 Ativa a intui\u00e7\u00e3o;<br>\u00b7 Diminui a ansiedade;<br>\u00b7 Expande a criatividade;<br>\u00b7 Sem julgamentos, promovendo a confian\u00e7a entre as participantes;<br>\u00b7 Espa\u00e7o de crescimento, partilha e um momento de reflex\u00e3o;<br>\u00b7 D\u00e1 a oportunidade de cada mulher ouvir e ser ouvida de forma sincera;<br>\u00b7 D\u00e1 poder de se libertar das m\u00e1scaras sociais e de fluir com a exist\u00eancia;<br>\u00b7 Amplia a vis\u00e3o de mundo com o partilhar de experi\u00eancias e vis\u00f5es de outras mulheres;<br>\u00b7 Possibilita se reconectar com a pr\u00f3pria natureza e vivenciar curas sist\u00eamicas ancestrais.<\/p>\n\n\n\n<p>Segundo Carolina, atrav\u00e9s do C\u00edrculo Sagrado de Mulheres \u00e9 poss\u00edvel ter contato com uma irmandade fundamentada na pr\u00e1tica da sororidade, da empatia e amor.<\/p>\n\n\n\n<p>&#8220;Toda mulher \u00e9 potente e deve expressar sua ess\u00eancia como quiser. Nesses momentos de roda, nos acolhemos e expressamos nossa for\u00e7a da maneira que faz sentido para nossa caminhada&#8221;, conclui Carolina, deixando o convite. \u201cEsperamos por voc\u00ea. Vamos celebrar juntas!\u201d<\/p>\n","protected":false},"excerpt":{"rendered":"<p>O evento, marcado para o pr\u00f3ximo dia 12, \u00e9 gratuito e aberto ao p\u00fablico feminino<\/p>\n","protected":false},"author":1,"featured_media":50353,"comment_status":"closed","ping_status":"open","sticky":false,"template":"","format":"standard","meta":{"spay_email":"","footnotes":"","jetpack_publicize_message":""},"categories":[1],"tags":[],"jetpack_featured_media_url":"https:\/\/i1.wp.com\/jornaldeitaipava.com.br\/wp-content\/uploads\/2026\/03\/WhatsApp-Image-2026-03-06-at-10.32.16.jpeg?fit=1280%2C960&ssl=1","jetpack_publicize_connections":[],"jetpack_sharing_enabled":true,"jetpack_likes_enabled":true,"jetpack-related-posts":[],"_links":{"self":[{"href":"https:\/\/jornaldeitaipava.com.br\/index.php\/wp-json\/wp\/v2\/posts\/50352"}],"collection":[{"href":"https:\/\/jornaldeitaipava.com.br\/index.php\/wp-json\/wp\/v2\/posts"}],"about":[{"href":"https:\/\/jornaldeitaipava.com.br\/index.php\/wp-json\/wp\/v2\/types\/post"}],"author":[{"embeddable":true,"href":"https:\/\/jornaldeitaipava.com.br\/index.php\/wp-json\/wp\/v2\/users\/1"}],"replies":[{"embeddable":true,"href":"https:\/\/jornaldeitaipava.com.br\/index.php\/wp-json\/wp\/v2\/comments?post=50352"}],"version-history":[{"count":1,"href":"https:\/\/jornaldeitaipava.com.br\/index.php\/wp-json\/wp\/v2\/posts\/50352\/revisions"}],"predecessor-version":[{"id":50354,"href":"https:\/\/jornaldeitaipava.com.br\/index.php\/wp-json\/wp\/v2\/posts\/50352\/revisions\/50354"}],"wp:featuredmedia":[{"embeddable":true,"href":"https:\/\/jornaldeitaipava.com.br\/index.php\/wp-json\/wp\/v2\/media\/50353"}],"wp:attachment":[{"href":"https:\/\/jornaldeitaipava.com.br\/index.php\/wp-json\/wp\/v2\/media?parent=50352"}],"wp:term":[{"taxonomy":"category","embeddable":true,"href":"https:\/\/jornaldeitaipava.com.br\/index.php\/wp-json\/wp\/v2\/categories?post=50352"},{"taxonomy":"post_tag","embeddable":true,"href":"https:\/\/jornaldeitaipava.com.br\/index.php\/wp-json\/wp\/v2\/tags?post=50352"}],"curies":[{"name":"wp","href":"https:\/\/api.w.org\/{rel}","templated":true}]}}