{"id":50355,"date":"2026-03-07T11:02:43","date_gmt":"2026-03-07T14:02:43","guid":{"rendered":"http:\/\/jornaldeitaipava.com.br\/?p=50355"},"modified":"2026-03-07T11:02:46","modified_gmt":"2026-03-07T14:02:46","slug":"alimentos-para-a-mente-como-a-nutricao-influencia-nas-emocoes-e-no-bem-estar-psicologico","status":"publish","type":"post","link":"https:\/\/jornaldeitaipava.com.br\/index.php\/2026\/03\/07\/alimentos-para-a-mente-como-a-nutricao-influencia-nas-emocoes-e-no-bem-estar-psicologico\/","title":{"rendered":"Alimentos para a mente: como a nutri\u00e7\u00e3o influencia nas emo\u00e7\u00f5es e no bem-estar psicol\u00f3gico"},"content":{"rendered":"\n<p class=\"has-text-align-center\"><strong>Nutricionista comportamental destaca h\u00e1bitos alimentares que ajudam a manter o equil\u00edbrio emocional e prevenir transtornos alimentares<\/strong><\/p>\n\n\n\n<p>N\u00e3o comemos apenas para nutrir o corpo. A sa\u00fade mental \u00e9 uma das principais influ\u00eancias sobre nossas escolhas alimentares, e essa rela\u00e7\u00e3o funciona como uma via de m\u00e3o dupla: a alimenta\u00e7\u00e3o pode impactar o equil\u00edbrio f\u00edsico, emocional e psicol\u00f3gico ao mesmo tempo em que as emo\u00e7\u00f5es moldam a maneira como comemos e nos relacionamos com a comida.<br>Quando falamos sobre a sa\u00fade do c\u00e9rebro, alguns nutrientes desempenham papel fundamental. O \u00f4mega-3, presente em peixes, chia e linha\u00e7a, contribui para a cogni\u00e7\u00e3o e preven\u00e7\u00e3o de sintomas depressivos. Vitaminas do complexo B, encontradas em carnes, ovos e latic\u00ednios, participam da produ\u00e7\u00e3o de neurotransmissores, enquanto minerais como magn\u00e9sio, zinco e ferro favorecem a comunica\u00e7\u00e3o entre os neur\u00f4nios. J\u00e1 o triptofano, dispon\u00edvel em alimentos como banana, aveia, cacau e leite, \u00e9 precursor da serotonina, neurotransmissor ligado ao humor e ao bem-estar.<br>\u201cQuando pensamos em sa\u00fade mental como um todo, a qualidade da alimenta\u00e7\u00e3o tamb\u00e9m faz diferen\u00e7a. Estudos mostram associa\u00e7\u00e3o entre o consumo frequente de ultraprocessados e maior risco de sintomas ansiosos e depressivos, enquanto padr\u00f5es alimentares mais equilibrados parecem reduzir esse risco\u201d, aponta Cleverton Madeira Barbosa, nutricionista especializado em comportamento alimentar e docente da Est\u00e1cio.<br>O profissional ressalta ainda que n\u00e3o existe alimento m\u00e1gico e que a alimenta\u00e7\u00e3o, por si s\u00f3, n\u00e3o \u00e9 capaz de tratar quadros psiqui\u00e1tricos. Manter um padr\u00e3o equilibrado, sem pular refei\u00e7\u00f5es, incluindo todos os grupos alimentares e respeitando os sinais de fome e saciedade, auxilia na estabilidade do humor e na manuten\u00e7\u00e3o da energia ao longo do dia. \u201cT\u00e3o importante quanto o que comemos \u00e9 a forma como nos relacionamos com a comida. Uma rela\u00e7\u00e3o positiva com nossa principal fonte de vida \u00e9 decisiva para a sa\u00fade mental\u201d, acrescenta.<\/p>\n\n\n\n<p><strong>A vontade de doces<br><\/strong>O desejo por doces, comum a muitas pessoas, pode ter diferentes origens: resposta ao estresse, busca por recompensa imediata, altera\u00e7\u00f5es hormonais, dietas restritivas ou simplesmente o prazer natural de saborear um doce. \u201cE est\u00e1 tudo bem, afinal, quem n\u00e3o gosta de um docinho, n\u00e9? O desafio \u00e9 diferenciar quando essa vontade faz parte de uma alimenta\u00e7\u00e3o prazerosa e equilibrada e quando se torna uma forma de lidar com emo\u00e7\u00f5es ou situa\u00e7\u00f5es dif\u00edceis\u201d, comenta Barbosa.<br>Ele refor\u00e7a que pr\u00e1ticas como jejum prolongado ou dietas restritivas, normalmente associadas ao emagrecimento, n\u00e3o s\u00e3o sustent\u00e1veis a longo prazo e podem aumentar a ansiedade e o risco de transtornos alimentares. Nesse contexto, a atua\u00e7\u00e3o do nutricionista especializado em comportamento alimentar \u00e9 essencial: ajudar a identificar gatilhos, diferenciar tipos de fome (f\u00edsica, emocional, social, entre outras), reduzir a culpa em torno da comida e construir estrat\u00e9gias pr\u00e1ticas para manter escolhas conscientes. \u201cO foco n\u00e3o est\u00e1 em proibir alimentos, mas em resgatar a autonomia para melhores escolhas, sem abrir m\u00e3o do prazer de comer, fortalecendo uma rela\u00e7\u00e3o mais saud\u00e1vel e duradoura com a alimenta\u00e7\u00e3o\u201d, completa.<\/p>\n\n\n\n<p><strong>Comer consciente<br><\/strong>Uma pr\u00e1tica simples e eficaz \u00e9 o comer consciente: sentar-se com calma, afastar-se das telas, observar as cores, sentir o aroma, mastigar devagar e perceber a textura, os sabores e at\u00e9 as mem\u00f3rias que o alimento desperta. Esse h\u00e1bito favorece a digest\u00e3o, aumenta a saciedade e contribui para uma rela\u00e7\u00e3o mais equilibrada e pac\u00edfica com a comida.<br>\u201cCuidar da sa\u00fade mental nos tempos atuais exige aten\u00e7\u00e3o a muitos aspectos da vida, e a alimenta\u00e7\u00e3o \u00e9 uma dessas pe\u00e7as fundamentais do quebra-cabe\u00e7as. Sozinha, ela n\u00e3o substitui terapias ou tratamentos m\u00e9dicos, mas pode oferecer um suporte valioso, especialmente quando integrada a pr\u00e1ticas como psicoterapia, atividade f\u00edsica e acompanhamento psiqui\u00e1trico. Quando aprendemos a enxergar a alimenta\u00e7\u00e3o como aliada, e n\u00e3o como vil\u00e3, abrimos espa\u00e7o para um cuidado mais humano, amplo e integrado. E isso, sim, \u00e9 promover sa\u00fade mental por meio da nutri\u00e7\u00e3o\u201d, conclui Barbosa.<\/p>\n","protected":false},"excerpt":{"rendered":"<p>Nutricionista comportamental destaca h\u00e1bitos alimentares que ajudam a manter o equil\u00edbrio emocional e prevenir transtornos<\/p>\n","protected":false},"author":1,"featured_media":50356,"comment_status":"closed","ping_status":"open","sticky":false,"template":"","format":"standard","meta":{"spay_email":"","footnotes":"","jetpack_publicize_message":""},"categories":[2],"tags":[],"jetpack_featured_media_url":"https:\/\/i2.wp.com\/jornaldeitaipava.com.br\/wp-content\/uploads\/2026\/03\/WhatsApp-Image-2026-03-06-at-14.28.59.jpeg?fit=1536%2C1326&ssl=1","jetpack_publicize_connections":[],"jetpack_sharing_enabled":true,"jetpack_likes_enabled":true,"jetpack-related-posts":[],"_links":{"self":[{"href":"https:\/\/jornaldeitaipava.com.br\/index.php\/wp-json\/wp\/v2\/posts\/50355"}],"collection":[{"href":"https:\/\/jornaldeitaipava.com.br\/index.php\/wp-json\/wp\/v2\/posts"}],"about":[{"href":"https:\/\/jornaldeitaipava.com.br\/index.php\/wp-json\/wp\/v2\/types\/post"}],"author":[{"embeddable":true,"href":"https:\/\/jornaldeitaipava.com.br\/index.php\/wp-json\/wp\/v2\/users\/1"}],"replies":[{"embeddable":true,"href":"https:\/\/jornaldeitaipava.com.br\/index.php\/wp-json\/wp\/v2\/comments?post=50355"}],"version-history":[{"count":1,"href":"https:\/\/jornaldeitaipava.com.br\/index.php\/wp-json\/wp\/v2\/posts\/50355\/revisions"}],"predecessor-version":[{"id":50357,"href":"https:\/\/jornaldeitaipava.com.br\/index.php\/wp-json\/wp\/v2\/posts\/50355\/revisions\/50357"}],"wp:featuredmedia":[{"embeddable":true,"href":"https:\/\/jornaldeitaipava.com.br\/index.php\/wp-json\/wp\/v2\/media\/50356"}],"wp:attachment":[{"href":"https:\/\/jornaldeitaipava.com.br\/index.php\/wp-json\/wp\/v2\/media?parent=50355"}],"wp:term":[{"taxonomy":"category","embeddable":true,"href":"https:\/\/jornaldeitaipava.com.br\/index.php\/wp-json\/wp\/v2\/categories?post=50355"},{"taxonomy":"post_tag","embeddable":true,"href":"https:\/\/jornaldeitaipava.com.br\/index.php\/wp-json\/wp\/v2\/tags?post=50355"}],"curies":[{"name":"wp","href":"https:\/\/api.w.org\/{rel}","templated":true}]}}