{"id":50359,"date":"2026-03-07T11:09:19","date_gmt":"2026-03-07T14:09:19","guid":{"rendered":"http:\/\/jornaldeitaipava.com.br\/?p=50359"},"modified":"2026-03-07T11:09:22","modified_gmt":"2026-03-07T14:09:22","slug":"estacio-petropolis-promove-curso-sobre-mediacao-escolar-inclusiva","status":"publish","type":"post","link":"https:\/\/jornaldeitaipava.com.br\/index.php\/2026\/03\/07\/estacio-petropolis-promove-curso-sobre-mediacao-escolar-inclusiva\/","title":{"rendered":"Est\u00e1cio Petr\u00f3polis promove curso sobre Media\u00e7\u00e3o Escolar Inclusiva"},"content":{"rendered":"\n<p><strong>Forma\u00e7\u00e3o reuniu estudantes e educadores para fortalecer pr\u00e1ticas inclusivas na Educa\u00e7\u00e3o Inclusiva<\/strong><\/p>\n\n\n\n<p>A Est\u00e1cio Petr\u00f3polis promoveu um curso sobre Media\u00e7\u00e3o Escolar Inclusiva, reunindo estudantes de Pedagogia, profissionais da educa\u00e7\u00e3o e interessados na tem\u00e1tica da Educa\u00e7\u00e3o Inclusiva.<\/p>\n\n\n\n<p>O curso abordou estrat\u00e9gias de media\u00e7\u00e3o, pr\u00e1ticas pedag\u00f3gicas inclusivas e orienta\u00e7\u00f5es para o manejo de crises comportamentais, incluindo a reintegra\u00e7\u00e3o adequada do aluno ap\u00f3s epis\u00f3dios de desregula\u00e7\u00e3o, sempre com foco no respeito, na dignidade e no desenvolvimento integral.<\/p>\n\n\n\n<p>A forma\u00e7\u00e3o foi ministrada pela professora Lais Lira, sob coordena\u00e7\u00e3o da professora Priscilla Manh\u00e3es, coordenadora dos cursos de Licenciaturas do Campus Petr\u00f3polis. \u201cNosso compromisso \u00e9 preparar futuros educadores e apoiar os profissionais que j\u00e1 est\u00e3o na rede para que a inclus\u00e3o aconte\u00e7a de forma respons\u00e1vel, humanizada e efetiva dentro das escolas\u201d, destacou a coordenadora.<\/p>\n","protected":false},"excerpt":{"rendered":"<p>Forma\u00e7\u00e3o reuniu estudantes e educadores para fortalecer pr\u00e1ticas inclusivas na Educa\u00e7\u00e3o Inclusiva A Est\u00e1cio Petr\u00f3polis<\/p>\n","protected":false},"author":1,"featured_media":50360,"comment_status":"closed","ping_status":"open","sticky":false,"template":"","format":"standard","meta":{"spay_email":"","footnotes":"","jetpack_publicize_message":""},"categories":[9],"tags":[],"jetpack_featured_media_url":"https:\/\/i1.wp.com\/jornaldeitaipava.com.br\/wp-content\/uploads\/2026\/03\/WhatsApp-Image-2026-03-05-at-10.47.48.jpeg?fit=1600%2C900&ssl=1","jetpack_publicize_connections":[],"jetpack_sharing_enabled":true,"jetpack_likes_enabled":true,"jetpack-related-posts":[],"_links":{"self":[{"href":"https:\/\/jornaldeitaipava.com.br\/index.php\/wp-json\/wp\/v2\/posts\/50359"}],"collection":[{"href":"https:\/\/jornaldeitaipava.com.br\/index.php\/wp-json\/wp\/v2\/posts"}],"about":[{"href":"https:\/\/jornaldeitaipava.com.br\/index.php\/wp-json\/wp\/v2\/types\/post"}],"author":[{"embeddable":true,"href":"https:\/\/jornaldeitaipava.com.br\/index.php\/wp-json\/wp\/v2\/users\/1"}],"replies":[{"embeddable":true,"href":"https:\/\/jornaldeitaipava.com.br\/index.php\/wp-json\/wp\/v2\/comments?post=50359"}],"version-history":[{"count":1,"href":"https:\/\/jornaldeitaipava.com.br\/index.php\/wp-json\/wp\/v2\/posts\/50359\/revisions"}],"predecessor-version":[{"id":50361,"href":"https:\/\/jornaldeitaipava.com.br\/index.php\/wp-json\/wp\/v2\/posts\/50359\/revisions\/50361"}],"wp:featuredmedia":[{"embeddable":true,"href":"https:\/\/jornaldeitaipava.com.br\/index.php\/wp-json\/wp\/v2\/media\/50360"}],"wp:attachment":[{"href":"https:\/\/jornaldeitaipava.com.br\/index.php\/wp-json\/wp\/v2\/media?parent=50359"}],"wp:term":[{"taxonomy":"category","embeddable":true,"href":"https:\/\/jornaldeitaipava.com.br\/index.php\/wp-json\/wp\/v2\/categories?post=50359"},{"taxonomy":"post_tag","embeddable":true,"href":"https:\/\/jornaldeitaipava.com.br\/index.php\/wp-json\/wp\/v2\/tags?post=50359"}],"curies":[{"name":"wp","href":"https:\/\/api.w.org\/{rel}","templated":true}]}}